{"id":999,"date":"2024-10-30T11:56:03","date_gmt":"2024-10-30T10:56:03","guid":{"rendered":"https:\/\/www.vous.sncf-connect.com\/blog\/?p=999"},"modified":"2024-11-12T11:03:04","modified_gmt":"2024-11-12T10:03:04","slug":"services-additionnels-les-actions-suite-a-vos-retours","status":"publish","type":"post","link":"https:\/\/www.vous.sncf-connect.com\/blog\/services-additionnels-les-actions-suite-a-vos-retours\/","title":{"rendered":"Services additionnels : quelles actions ?"},"content":{"rendered":"\n<p>En juin, nous avons r\u00e9alis\u00e9 un sondage pour vous demander votre avis sur les services propos\u00e9s sur SNCF Connect, notamment les services\u202f: Mes Bagages, Junior &amp; Cie, Ma location Avis et Le Bar\u00a0<\/p>\n\n\n\n<p class=\"has-medium-font-size\"><strong>Vos retours en quelques chiffres\u202f:\u202f<\/strong><\/p>\n\n\n<div class=\"wp-block-image\">\n<figure class=\"aligncenter size-full\"><img loading=\"lazy\" decoding=\"async\" width=\"491\" height=\"615\" src=\"https:\/\/www.vous.sncf-connect.com\/blog\/wp-content\/uploads\/2024\/10\/Infographie-service-additionnel.png\" alt=\"\" class=\"wp-image-1000\" srcset=\"https:\/\/www.vous.sncf-connect.com\/blog\/wp-content\/uploads\/2024\/10\/Infographie-service-additionnel.png 491w, https:\/\/www.vous.sncf-connect.com\/blog\/wp-content\/uploads\/2024\/10\/Infographie-service-additionnel-240x300.png 240w, https:\/\/www.vous.sncf-connect.com\/blog\/wp-content\/uploads\/2024\/10\/Infographie-service-additionnel-216x270.png 216w\" sizes=\"auto, (max-width: 491px) 100vw, 491px\" \/><\/figure>\n<\/div>\n\n\n<p>Pour voir l\u2019infographie compl\u00e8te, \u00e7a se passe<strong> <a href=\"https:\/\/www.vous.sncf-connect.com\/clients\/servicesabord\/\">ici&nbsp;<\/a><\/strong><\/p>\n\n\n\n<p>Tout d&rsquo;abord, un grand merci pour votre pr\u00e9cieuse contribution \u00e0 notre sondage ! Gr\u00e2ce \u00e0 vos r\u00e9ponses, nous avons pu identifier plusieurs axes d&rsquo;am\u00e9lioration pour nos services, et nous sommes ravis de vous partager les actions concr\u00e8tes que nous mettons en place pour r\u00e9pondre \u00e0 vos attentes.<\/p>\n\n\n\n<h2 class=\"wp-block-heading has-text-color has-link-color wp-elements-2714eafb51fddc82cc6f2ce01880345e\" id=\"h-action-1-ameliorer-la-visibilite-et-la-facilite-d-acces-aux-services-nbsp\" style=\"color:#9fd3c7\"><strong>Action 1\u202f: Am\u00e9liorer la visibilit\u00e9 et la facilit\u00e9 d&rsquo;acc\u00e8s aux services&nbsp;<\/strong><\/h2>\n\n\n\n<p>Vous nous avez fait part de vos pr\u00e9occupations concernant la visibilit\u00e9 de certains services, notamment Mes Bagages. Pour y rem\u00e9dier, nous allons mettre en place un syst\u00e8me de notifications automatiques qui vous rappellera r\u00e9guli\u00e8rement l&rsquo;existence et les avantages de ce service. Notre but est de le rendre plus simple \u00e0 utiliser et plus connu. Vous souhaitez en savoir plus sur ce service\u202f:<strong> <a href=\"https:\/\/mesbagages.sncf-connect.com\/?utm_source=sncf%20connect&amp;utm_medium=HPHEADERdesk&amp;utm_campaign=display#\/\" target=\"_blank\" rel=\"noreferrer noopener\">Livraison de bagages o\u00f9 vous voulez \u2013 SNCF Connect \u2013 En quelques clics, facilitez votre voyage en faisant livrer vos bagages \u00e0 l&rsquo;adresse de votre choix. (sncf-connect.com)<\/a>&nbsp;<\/strong><\/p>\n\n\n<div class=\"wp-block-image\">\n<figure class=\"aligncenter size-full\"><img loading=\"lazy\" decoding=\"async\" width=\"575\" height=\"249\" src=\"https:\/\/www.vous.sncf-connect.com\/blog\/wp-content\/uploads\/2024\/10\/Image1SA.png\" alt=\"\" class=\"wp-image-1001\" srcset=\"https:\/\/www.vous.sncf-connect.com\/blog\/wp-content\/uploads\/2024\/10\/Image1SA.png 575w, https:\/\/www.vous.sncf-connect.com\/blog\/wp-content\/uploads\/2024\/10\/Image1SA-300x130.png 300w\" sizes=\"auto, (max-width: 575px) 100vw, 575px\" \/><\/figure>\n<\/div>\n\n\n<p>Enfin, nous vous enverrons davantage de newsletters pour vous parler du service Mes Bagages et vous montrer comment ce service peut grandement faciliter l\u2019organisation de vos voyages.&nbsp;<\/p>\n\n\n\n<p>En novembre, vous recevrez \u00e9galement des newsletters d\u00e9di\u00e9es \u00e0 <strong>Junior &amp; Cie<\/strong>, pour mettre en lumi\u00e8re ce service\u202f! Si vous souhaitez vous renseigner sur ce service\u202f: <strong><a href=\"https:\/\/juniorcie.sncf-connect.com\/\" target=\"_blank\" rel=\"noreferrer noopener\">Accueil | Junior &amp; Cie : accompagnement d&rsquo;enfants en train (sncf-connect.com)<\/a>&nbsp;<\/strong><\/p>\n\n\n<div class=\"wp-block-image\">\n<figure class=\"aligncenter size-full\"><img loading=\"lazy\" decoding=\"async\" width=\"605\" height=\"163\" src=\"https:\/\/www.vous.sncf-connect.com\/blog\/wp-content\/uploads\/2024\/10\/Image2SA.png\" alt=\"\" class=\"wp-image-1002\" srcset=\"https:\/\/www.vous.sncf-connect.com\/blog\/wp-content\/uploads\/2024\/10\/Image2SA.png 605w, https:\/\/www.vous.sncf-connect.com\/blog\/wp-content\/uploads\/2024\/10\/Image2SA-300x81.png 300w\" sizes=\"auto, (max-width: 605px) 100vw, 605px\" \/><\/figure>\n<\/div>\n\n\n<h2 class=\"wp-block-heading has-text-color has-link-color wp-elements-cc3be41db8601c902ad3d5a84703425a\" id=\"h-action-2-des-promos-sur-nos-services-nbsp\" style=\"color:#9fd3c7\"><strong>Action 2\u202f: des promos sur nos services\u202f!<\/strong>&nbsp;<\/h2>\n\n\n\n<p>Nous avons fait un jeu concours sur nos r\u00e9seaux sociaux cet \u00e9t\u00e9 pour vous faire gagner des codes de r\u00e9duction sur nos services Junior &amp; Cie et Mes bagages.&nbsp;<\/p>\n\n\n\n<figure class=\"wp-block-gallery has-nested-images columns-default is-cropped wp-block-gallery-1 is-layout-flex wp-block-gallery-is-layout-flex\">\n<figure class=\"wp-block-image size-large\"><img loading=\"lazy\" decoding=\"async\" width=\"236\" height=\"287\" data-id=\"1006\" src=\"https:\/\/www.vous.sncf-connect.com\/blog\/wp-content\/uploads\/2024\/10\/Image3SA-2.jpg\" alt=\"\" class=\"wp-image-1006\" srcset=\"https:\/\/www.vous.sncf-connect.com\/blog\/wp-content\/uploads\/2024\/10\/Image3SA-2.jpg 236w, https:\/\/www.vous.sncf-connect.com\/blog\/wp-content\/uploads\/2024\/10\/Image3SA-2-222x270.jpg 222w\" sizes=\"auto, (max-width: 236px) 100vw, 236px\" \/><\/figure>\n\n\n\n<figure class=\"wp-block-image size-large\"><img loading=\"lazy\" decoding=\"async\" width=\"237\" height=\"287\" data-id=\"1007\" src=\"https:\/\/www.vous.sncf-connect.com\/blog\/wp-content\/uploads\/2024\/10\/Image4SA-1.jpg\" alt=\"\" class=\"wp-image-1007\" srcset=\"https:\/\/www.vous.sncf-connect.com\/blog\/wp-content\/uploads\/2024\/10\/Image4SA-1.jpg 237w, https:\/\/www.vous.sncf-connect.com\/blog\/wp-content\/uploads\/2024\/10\/Image4SA-1-223x270.jpg 223w\" sizes=\"auto, (max-width: 237px) 100vw, 237px\" \/><\/figure>\n<\/figure>\n\n\n\n<p>Vous avez loup\u00e9 le jeu concours\u202f? Pas de panique\u202f! Regardez vos boites mails fin novembre d\u00e9but d\u00e9cembre il y aura d\u2019autres promotions \u00e0 d\u00e9couvrir sur les services\u202f\ud83d\ude09\u202f!&nbsp;&nbsp;<\/p>\n\n\n\n<hr class=\"wp-block-separator has-alpha-channel-opacity\"\/>\n\n\n\n<h2 class=\"wp-block-heading\" id=\"h-le-mot-de-camille-account-manager-services-paiements-chez-sncf-connect-nbsp\"><strong>Le mot de Camille, Account Manager Services \/ Paiements chez SNCF Connect<\/strong>&nbsp;<\/h2>\n\n\n\n<div class=\"wp-block-columns is-layout-flex wp-container-core-columns-is-layout-9d6595d7 wp-block-columns-is-layout-flex\">\n<div class=\"wp-block-column is-layout-flow wp-block-column-is-layout-flow\" style=\"flex-basis:33.33%\">\n<figure class=\"wp-block-image size-full\"><img loading=\"lazy\" decoding=\"async\" width=\"438\" height=\"438\" src=\"https:\/\/www.vous.sncf-connect.com\/blog\/wp-content\/uploads\/2024\/10\/Image5SA.jpg\" alt=\"\" class=\"wp-image-1008\" srcset=\"https:\/\/www.vous.sncf-connect.com\/blog\/wp-content\/uploads\/2024\/10\/Image5SA.jpg 438w, https:\/\/www.vous.sncf-connect.com\/blog\/wp-content\/uploads\/2024\/10\/Image5SA-300x300.jpg 300w, https:\/\/www.vous.sncf-connect.com\/blog\/wp-content\/uploads\/2024\/10\/Image5SA-150x150.jpg 150w, https:\/\/www.vous.sncf-connect.com\/blog\/wp-content\/uploads\/2024\/10\/Image5SA-270x270.jpg 270w\" sizes=\"auto, (max-width: 438px) 100vw, 438px\" \/><\/figure>\n<\/div>\n\n\n\n<div class=\"wp-block-column is-layout-flow wp-block-column-is-layout-flow\" style=\"flex-basis:66.66%\">\n<p><\/p>\n\n\n\n<p>Je tenais \u00e0 remercier la communaut\u00e9 avec laquelle j&rsquo;ai pu collaborer cette ann\u00e9e sur deux campagnes sp\u00e9cifiques, centr\u00e9es sur les paiements et les services propos\u00e9s sur le site et l&rsquo;application SNCF Connect. Les retours utilisateurs sont une donn\u00e9e essentielle dans notre m\u00e9tier, ils nous permettent de nous am\u00e9liorer en continu et d&rsquo;adapter nos actions en fonction des besoins des clients.&nbsp;<\/p>\n<\/div>\n<\/div>\n\n\n\n<p>Gr\u00e2ce \u00e0 ces pr\u00e9cieux retours, nous avons pu mettre en place des actions concr\u00e8tes et apporter des corrections sur nos produits afin d&rsquo;offrir une meilleure exp\u00e9rience \u00e0 tous. Je n&rsquo;h\u00e9siterai pas \u00e0 solliciter de nouveau la communaut\u00e9 pour recueillir vos avis et vos retours, et pour continuer cette d\u00e9marche d&rsquo;am\u00e9lioration continue.&nbsp;<\/p>\n\n\n\n<p>Merci \u00e0 vous\u202f!<\/p>\n","protected":false},"excerpt":{"rendered":"<p>En juin, nous avons r\u00e9alis\u00e9 un sondage pour vous demander votre avis sur les services propos\u00e9s sur SNCF Connect, notamment les services\u202f: Mes Bagages, Junior &amp; Cie, Ma location Avis et Le Bar\u00a0 Vos retours en quelques chiffres\u202f:\u202f Pour voir l\u2019infographie compl\u00e8te, \u00e7a se passe ici&nbsp; Tout d&rsquo;abord, un grand merci pour votre pr\u00e9cieuse contribution \u00e0 notre sondage ! Gr\u00e2ce \u00e0 vos r\u00e9ponses, nous avons pu identifier plusieurs axes d&rsquo;am\u00e9lioration pour nos services, et nous sommes ravis de vous partager&#8230;<\/p>\n<p class=\"read-more\"><a class=\"btn btn-default\" href=\"https:\/\/www.vous.sncf-connect.com\/blog\/services-additionnels-les-actions-suite-a-vos-retours\/\">Lire la suite<span class=\"screen-reader-text\"> Lire la suite<\/span><\/a><\/p>\n","protected":false},"author":14,"featured_media":1010,"comment_status":"closed","ping_status":"open","sticky":false,"template":"","format":"standard","meta":{"footnotes":""},"categories":[12],"tags":[],"class_list":["post-999","post","type-post","status-publish","format-standard","has-post-thumbnail","hentry","category-co-construction"],"yoast_head":"<!-- This site is optimized with the Yoast SEO Premium plugin v21.7 (Yoast SEO v21.7) - https:\/\/yoast.com\/wordpress\/plugins\/seo\/ -->\n<title>Services additionnels : quelles actions ? - Articles<\/title>\n<meta name=\"robots\" content=\"index, follow, max-snippet:-1, max-image-preview:large, max-video-preview:-1\" \/>\n<link rel=\"canonical\" href=\"https:\/\/www.vous.sncf-connect.com\/blog\/services-additionnels-les-actions-suite-a-vos-retours\/\" \/>\n<meta property=\"og:locale\" content=\"fr_FR\" \/>\n<meta property=\"og:type\" content=\"article\" \/>\n<meta property=\"og:title\" content=\"Services additionnels : quelles actions ?\" \/>\n<meta property=\"og:description\" content=\"En juin, nous avons r\u00e9alis\u00e9 un sondage pour vous demander votre avis sur les services propos\u00e9s sur SNCF Connect, notamment les services\u202f: Mes Bagages, Junior &amp; Cie, Ma location Avis et Le Bar\u00a0 Vos retours en quelques chiffres\u202f:\u202f Pour voir l\u2019infographie compl\u00e8te, \u00e7a se passe ici&nbsp; Tout d&rsquo;abord, un grand merci pour votre pr\u00e9cieuse contribution \u00e0 notre sondage ! Gr\u00e2ce \u00e0 vos r\u00e9ponses, nous avons pu identifier plusieurs axes d&rsquo;am\u00e9lioration pour nos services, et nous sommes ravis de vous partager...Lire la suite Lire la suite\" \/>\n<meta property=\"og:url\" content=\"https:\/\/www.vous.sncf-connect.com\/blog\/services-additionnels-les-actions-suite-a-vos-retours\/\" \/>\n<meta property=\"og:site_name\" content=\"Articles\" \/>\n<meta property=\"article:published_time\" content=\"2024-10-30T10:56:03+00:00\" \/>\n<meta property=\"article:modified_time\" content=\"2024-11-12T10:03:04+00:00\" \/>\n<meta property=\"og:image\" content=\"https:\/\/www.vous.sncf-connect.com\/blog\/wp-content\/uploads\/2024\/10\/mail_serviceabord.png\" \/>\n\t<meta property=\"og:image:width\" content=\"800\" \/>\n\t<meta property=\"og:image:height\" content=\"350\" \/>\n\t<meta property=\"og:image:type\" content=\"image\/png\" \/>\n<meta name=\"author\" content=\"Meryem Turhan\" \/>\n<meta name=\"twitter:card\" content=\"summary_large_image\" \/>\n<meta name=\"twitter:label1\" content=\"\u00c9crit par\" \/>\n\t<meta name=\"twitter:data1\" content=\"Meryem Turhan\" \/>\n\t<meta name=\"twitter:label2\" content=\"Dur\u00e9e de lecture estim\u00e9e\" \/>\n\t<meta name=\"twitter:data2\" content=\"4 minutes\" \/>\n<script type=\"application\/ld+json\" class=\"yoast-schema-graph\">{\"@context\":\"https:\/\/schema.org\",\"@graph\":[{\"@type\":\"Article\",\"@id\":\"https:\/\/www.vous.sncf-connect.com\/blog\/services-additionnels-les-actions-suite-a-vos-retours\/#article\",\"isPartOf\":{\"@id\":\"https:\/\/www.vous.sncf-connect.com\/blog\/services-additionnels-les-actions-suite-a-vos-retours\/\"},\"author\":{\"name\":\"Meryem Turhan\",\"@id\":\"https:\/\/www.vous.sncf-connect.com\/blog\/#\/schema\/person\/8911857a87a39825376e164e2246a6e6\"},\"headline\":\"Services additionnels : quelles actions ?\",\"datePublished\":\"2024-10-30T10:56:03+00:00\",\"dateModified\":\"2024-11-12T10:03:04+00:00\",\"mainEntityOfPage\":{\"@id\":\"https:\/\/www.vous.sncf-connect.com\/blog\/services-additionnels-les-actions-suite-a-vos-retours\/\"},\"wordCount\":485,\"publisher\":{\"@id\":\"https:\/\/www.vous.sncf-connect.com\/blog\/#organization\"},\"articleSection\":[\"Co-construction\"],\"inLanguage\":\"fr-FR\"},{\"@type\":\"WebPage\",\"@id\":\"https:\/\/www.vous.sncf-connect.com\/blog\/services-additionnels-les-actions-suite-a-vos-retours\/\",\"url\":\"https:\/\/www.vous.sncf-connect.com\/blog\/services-additionnels-les-actions-suite-a-vos-retours\/\",\"name\":\"Services additionnels : quelles actions ? - Articles\",\"isPartOf\":{\"@id\":\"https:\/\/www.vous.sncf-connect.com\/blog\/#website\"},\"datePublished\":\"2024-10-30T10:56:03+00:00\",\"dateModified\":\"2024-11-12T10:03:04+00:00\",\"breadcrumb\":{\"@id\":\"https:\/\/www.vous.sncf-connect.com\/blog\/services-additionnels-les-actions-suite-a-vos-retours\/#breadcrumb\"},\"inLanguage\":\"fr-FR\",\"potentialAction\":[{\"@type\":\"ReadAction\",\"target\":[\"https:\/\/www.vous.sncf-connect.com\/blog\/services-additionnels-les-actions-suite-a-vos-retours\/\"]}]},{\"@type\":\"BreadcrumbList\",\"@id\":\"https:\/\/www.vous.sncf-connect.com\/blog\/services-additionnels-les-actions-suite-a-vos-retours\/#breadcrumb\",\"itemListElement\":[{\"@type\":\"ListItem\",\"position\":1,\"name\":\"Accueil\",\"item\":\"https:\/\/www.vous.sncf-connect.com\/blog\/\"},{\"@type\":\"ListItem\",\"position\":2,\"name\":\"Services additionnels : quelles actions ?\"}]},{\"@type\":\"WebSite\",\"@id\":\"https:\/\/www.vous.sncf-connect.com\/blog\/#website\",\"url\":\"https:\/\/www.vous.sncf-connect.com\/blog\/\",\"name\":\"Articles\",\"description\":\"Gardez un \u0153il sur nos actus et nos coulisses\",\"publisher\":{\"@id\":\"https:\/\/www.vous.sncf-connect.com\/blog\/#organization\"},\"potentialAction\":[{\"@type\":\"SearchAction\",\"target\":{\"@type\":\"EntryPoint\",\"urlTemplate\":\"https:\/\/www.vous.sncf-connect.com\/blog\/?s={search_term_string}\"},\"query-input\":\"required name=search_term_string\"}],\"inLanguage\":\"fr-FR\"},{\"@type\":\"Organization\",\"@id\":\"https:\/\/www.vous.sncf-connect.com\/blog\/#organization\",\"name\":\"Articles\",\"url\":\"https:\/\/www.vous.sncf-connect.com\/blog\/\",\"logo\":{\"@type\":\"ImageObject\",\"inLanguage\":\"fr-FR\",\"@id\":\"https:\/\/www.vous.sncf-connect.com\/blog\/#\/schema\/logo\/image\/\",\"url\":\"https:\/\/www.vous.sncf-connect.com\/blog\/wp-content\/uploads\/2023\/06\/cropped-cropped-SNCF-CONNECT-LOGO-1536x862-1-e1686143782223-1-e1686146451231.webp\",\"contentUrl\":\"https:\/\/www.vous.sncf-connect.com\/blog\/wp-content\/uploads\/2023\/06\/cropped-cropped-SNCF-CONNECT-LOGO-1536x862-1-e1686143782223-1-e1686146451231.webp\",\"width\":200,\"height\":71,\"caption\":\"Articles\"},\"image\":{\"@id\":\"https:\/\/www.vous.sncf-connect.com\/blog\/#\/schema\/logo\/image\/\"}},{\"@type\":\"Person\",\"@id\":\"https:\/\/www.vous.sncf-connect.com\/blog\/#\/schema\/person\/8911857a87a39825376e164e2246a6e6\",\"name\":\"Meryem Turhan\",\"image\":{\"@type\":\"ImageObject\",\"inLanguage\":\"fr-FR\",\"@id\":\"https:\/\/www.vous.sncf-connect.com\/blog\/#\/schema\/person\/image\/\",\"url\":\"https:\/\/secure.gravatar.com\/avatar\/b381e967b03194a3780353695e94d9dce78ae36bc4c3034ad140db8c75476ed4?s=96&d=mm&r=g\",\"contentUrl\":\"https:\/\/secure.gravatar.com\/avatar\/b381e967b03194a3780353695e94d9dce78ae36bc4c3034ad140db8c75476ed4?s=96&d=mm&r=g\",\"caption\":\"Meryem Turhan\"},\"url\":\"https:\/\/www.vous.sncf-connect.com\/blog\/author\/m-turhanfanvoice-com\/\"}]}<\/script>\n<!-- \/ Yoast SEO Premium plugin. -->","yoast_head_json":{"title":"Services additionnels : quelles actions ? - Articles","robots":{"index":"index","follow":"follow","max-snippet":"max-snippet:-1","max-image-preview":"max-image-preview:large","max-video-preview":"max-video-preview:-1"},"canonical":"https:\/\/www.vous.sncf-connect.com\/blog\/services-additionnels-les-actions-suite-a-vos-retours\/","og_locale":"fr_FR","og_type":"article","og_title":"Services additionnels : quelles actions ?","og_description":"En juin, nous avons r\u00e9alis\u00e9 un sondage pour vous demander votre avis sur les services propos\u00e9s sur SNCF Connect, notamment les services\u202f: Mes Bagages, Junior &amp; Cie, Ma location Avis et Le Bar\u00a0 Vos retours en quelques chiffres\u202f:\u202f Pour voir l\u2019infographie compl\u00e8te, \u00e7a se passe ici&nbsp; Tout d&rsquo;abord, un grand merci pour votre pr\u00e9cieuse contribution \u00e0 notre sondage ! Gr\u00e2ce \u00e0 vos r\u00e9ponses, nous avons pu identifier plusieurs axes d&rsquo;am\u00e9lioration pour nos services, et nous sommes ravis de vous partager...Lire la suite Lire la suite","og_url":"https:\/\/www.vous.sncf-connect.com\/blog\/services-additionnels-les-actions-suite-a-vos-retours\/","og_site_name":"Articles","article_published_time":"2024-10-30T10:56:03+00:00","article_modified_time":"2024-11-12T10:03:04+00:00","og_image":[{"width":800,"height":350,"url":"https:\/\/www.vous.sncf-connect.com\/blog\/wp-content\/uploads\/2024\/10\/mail_serviceabord.png","type":"image\/png"}],"author":"Meryem Turhan","twitter_card":"summary_large_image","twitter_misc":{"\u00c9crit par":"Meryem Turhan","Dur\u00e9e de lecture estim\u00e9e":"4 minutes"},"schema":{"@context":"https:\/\/schema.org","@graph":[{"@type":"Article","@id":"https:\/\/www.vous.sncf-connect.com\/blog\/services-additionnels-les-actions-suite-a-vos-retours\/#article","isPartOf":{"@id":"https:\/\/www.vous.sncf-connect.com\/blog\/services-additionnels-les-actions-suite-a-vos-retours\/"},"author":{"name":"Meryem Turhan","@id":"https:\/\/www.vous.sncf-connect.com\/blog\/#\/schema\/person\/8911857a87a39825376e164e2246a6e6"},"headline":"Services additionnels : quelles actions ?","datePublished":"2024-10-30T10:56:03+00:00","dateModified":"2024-11-12T10:03:04+00:00","mainEntityOfPage":{"@id":"https:\/\/www.vous.sncf-connect.com\/blog\/services-additionnels-les-actions-suite-a-vos-retours\/"},"wordCount":485,"publisher":{"@id":"https:\/\/www.vous.sncf-connect.com\/blog\/#organization"},"articleSection":["Co-construction"],"inLanguage":"fr-FR"},{"@type":"WebPage","@id":"https:\/\/www.vous.sncf-connect.com\/blog\/services-additionnels-les-actions-suite-a-vos-retours\/","url":"https:\/\/www.vous.sncf-connect.com\/blog\/services-additionnels-les-actions-suite-a-vos-retours\/","name":"Services additionnels : quelles actions ? - Articles","isPartOf":{"@id":"https:\/\/www.vous.sncf-connect.com\/blog\/#website"},"datePublished":"2024-10-30T10:56:03+00:00","dateModified":"2024-11-12T10:03:04+00:00","breadcrumb":{"@id":"https:\/\/www.vous.sncf-connect.com\/blog\/services-additionnels-les-actions-suite-a-vos-retours\/#breadcrumb"},"inLanguage":"fr-FR","potentialAction":[{"@type":"ReadAction","target":["https:\/\/www.vous.sncf-connect.com\/blog\/services-additionnels-les-actions-suite-a-vos-retours\/"]}]},{"@type":"BreadcrumbList","@id":"https:\/\/www.vous.sncf-connect.com\/blog\/services-additionnels-les-actions-suite-a-vos-retours\/#breadcrumb","itemListElement":[{"@type":"ListItem","position":1,"name":"Accueil","item":"https:\/\/www.vous.sncf-connect.com\/blog\/"},{"@type":"ListItem","position":2,"name":"Services additionnels : quelles actions ?"}]},{"@type":"WebSite","@id":"https:\/\/www.vous.sncf-connect.com\/blog\/#website","url":"https:\/\/www.vous.sncf-connect.com\/blog\/","name":"Articles","description":"Gardez un \u0153il sur nos actus et nos coulisses","publisher":{"@id":"https:\/\/www.vous.sncf-connect.com\/blog\/#organization"},"potentialAction":[{"@type":"SearchAction","target":{"@type":"EntryPoint","urlTemplate":"https:\/\/www.vous.sncf-connect.com\/blog\/?s={search_term_string}"},"query-input":"required name=search_term_string"}],"inLanguage":"fr-FR"},{"@type":"Organization","@id":"https:\/\/www.vous.sncf-connect.com\/blog\/#organization","name":"Articles","url":"https:\/\/www.vous.sncf-connect.com\/blog\/","logo":{"@type":"ImageObject","inLanguage":"fr-FR","@id":"https:\/\/www.vous.sncf-connect.com\/blog\/#\/schema\/logo\/image\/","url":"https:\/\/www.vous.sncf-connect.com\/blog\/wp-content\/uploads\/2023\/06\/cropped-cropped-SNCF-CONNECT-LOGO-1536x862-1-e1686143782223-1-e1686146451231.webp","contentUrl":"https:\/\/www.vous.sncf-connect.com\/blog\/wp-content\/uploads\/2023\/06\/cropped-cropped-SNCF-CONNECT-LOGO-1536x862-1-e1686143782223-1-e1686146451231.webp","width":200,"height":71,"caption":"Articles"},"image":{"@id":"https:\/\/www.vous.sncf-connect.com\/blog\/#\/schema\/logo\/image\/"}},{"@type":"Person","@id":"https:\/\/www.vous.sncf-connect.com\/blog\/#\/schema\/person\/8911857a87a39825376e164e2246a6e6","name":"Meryem Turhan","image":{"@type":"ImageObject","inLanguage":"fr-FR","@id":"https:\/\/www.vous.sncf-connect.com\/blog\/#\/schema\/person\/image\/","url":"https:\/\/secure.gravatar.com\/avatar\/b381e967b03194a3780353695e94d9dce78ae36bc4c3034ad140db8c75476ed4?s=96&d=mm&r=g","contentUrl":"https:\/\/secure.gravatar.com\/avatar\/b381e967b03194a3780353695e94d9dce78ae36bc4c3034ad140db8c75476ed4?s=96&d=mm&r=g","caption":"Meryem Turhan"},"url":"https:\/\/www.vous.sncf-connect.com\/blog\/author\/m-turhanfanvoice-com\/"}]}},"_links":{"self":[{"href":"https:\/\/www.vous.sncf-connect.com\/blog\/wp-json\/wp\/v2\/posts\/999","targetHints":{"allow":["GET"]}}],"collection":[{"href":"https:\/\/www.vous.sncf-connect.com\/blog\/wp-json\/wp\/v2\/posts"}],"about":[{"href":"https:\/\/www.vous.sncf-connect.com\/blog\/wp-json\/wp\/v2\/types\/post"}],"author":[{"embeddable":true,"href":"https:\/\/www.vous.sncf-connect.com\/blog\/wp-json\/wp\/v2\/users\/14"}],"replies":[{"embeddable":true,"href":"https:\/\/www.vous.sncf-connect.com\/blog\/wp-json\/wp\/v2\/comments?post=999"}],"version-history":[{"count":10,"href":"https:\/\/www.vous.sncf-connect.com\/blog\/wp-json\/wp\/v2\/posts\/999\/revisions"}],"predecessor-version":[{"id":1041,"href":"https:\/\/www.vous.sncf-connect.com\/blog\/wp-json\/wp\/v2\/posts\/999\/revisions\/1041"}],"wp:featuredmedia":[{"embeddable":true,"href":"https:\/\/www.vous.sncf-connect.com\/blog\/wp-json\/wp\/v2\/media\/1010"}],"wp:attachment":[{"href":"https:\/\/www.vous.sncf-connect.com\/blog\/wp-json\/wp\/v2\/media?parent=999"}],"wp:term":[{"taxonomy":"category","embeddable":true,"href":"https:\/\/www.vous.sncf-connect.com\/blog\/wp-json\/wp\/v2\/categories?post=999"},{"taxonomy":"post_tag","embeddable":true,"href":"https:\/\/www.vous.sncf-connect.com\/blog\/wp-json\/wp\/v2\/tags?post=999"}],"curies":[{"name":"wp","href":"https:\/\/api.w.org\/{rel}","templated":true}]}}