{"id":911,"date":"2024-08-28T15:38:18","date_gmt":"2024-08-28T13:38:18","guid":{"rendered":"https:\/\/www.vous.sncf-connect.com\/blog\/?p=911"},"modified":"2024-08-28T15:38:20","modified_gmt":"2024-08-28T13:38:20","slug":"assurances-les-actions-suite-a-vos-retours","status":"publish","type":"post","link":"https:\/\/www.vous.sncf-connect.com\/blog\/assurances-les-actions-suite-a-vos-retours\/","title":{"rendered":"Assurances : les actions suite \u00e0 vos retours !"},"content":{"rendered":"\n<p>En mars, nous avons r\u00e9alis\u00e9 un sondage \u00e0 propos de l\u2019assurance voyage Allianz propos\u00e9e sur SNCF Connect. L\u2019objectif \u00e9tait principalement de mesurer votre compr\u00e9hension de l\u2019offre d\u2019assurance voyage et des garanties propos\u00e9es. Gr\u00e2ce \u00e0 vos retours, nous avons identifi\u00e9 plusieurs domaines d\u2019am\u00e9lioration pour mieux vous accompagner dans la compr\u00e9hension de l\u2019assurance voyage.\u202f&nbsp;<\/p>\n\n\n\n<p>Vos retours en quelques chiffres\u202f:\u202f\u202f&nbsp;<\/p>\n\n\n\n<figure class=\"wp-block-image size-full is-resized\"><img loading=\"lazy\" decoding=\"async\" width=\"604\" height=\"340\" src=\"https:\/\/www.vous.sncf-connect.com\/blog\/wp-content\/uploads\/2024\/08\/Image3.png\" alt=\"\" class=\"wp-image-921\" style=\"width:840px;height:auto\" srcset=\"https:\/\/www.vous.sncf-connect.com\/blog\/wp-content\/uploads\/2024\/08\/Image3.png 604w, https:\/\/www.vous.sncf-connect.com\/blog\/wp-content\/uploads\/2024\/08\/Image3-300x169.png 300w, https:\/\/www.vous.sncf-connect.com\/blog\/wp-content\/uploads\/2024\/08\/Image3-480x270.png 480w\" sizes=\"auto, (max-width: 604px) 100vw, 604px\" \/><\/figure>\n\n\n\n<p class=\"has-small-font-size\">Et si vous souhaitez en savoir plus, \u00e7a se passe\u202f<a href=\"https:\/\/www.vous.sncf-connect.com\/clients\/assurance\/\" target=\"_blank\" rel=\"noreferrer noopener\">ici.<\/a>\u202f\u202f&nbsp;<\/p>\n\n\n\n<p>\u202f&nbsp;<\/p>\n\n\n\n<p>Ce sondage a permis \u00e0 nos \u00e9quipes d\u2019avancer sur les actions suivantes (et d\u2019autres encore en cours) :\u202f&nbsp;<\/p>\n\n\n\n<h2 class=\"wp-block-heading has-text-color has-link-color wp-elements-7081d7a40f1e1f4017aaa1dd3fb44b81\" id=\"h-action-n-1-une-communication-plus-claire-et-transparente-sur-l-assurance-voyage\" style=\"color:#9fd3c7\"><strong>Action n\u00b0 1\u202f: Une communication plus claire et transparente sur l\u2019assurance\u202fvoyage<\/strong><\/h2>\n\n\n\n<p>Gr\u00e2ce \u00e0 votre participation, nous avons compris que l\u2019assurance et ses garanties n\u2019\u00e9taient pas toujours \u00e9videntes \u00e0 comprendre. Apr\u00e8s discussion avec notre partenaire Allianz, nous pr\u00e9voyons de r\u00e9aliser une newsletter d\u00e9di\u00e9e \u00e0 l\u2019assurance voyage pour permettre \u00e0 tous d\u2019\u00eatre inform\u00e9s de tout ce qu\u2019il faut savoir sur le sujet.\u202f\u00a0<\/p>\n\n\n\n<p>D\u00e9sormais, lorsque vous serez sur la page d\u2019achat de vos billets et que vous vous poserez encore des questions sur la couverture de l\u2019assurance voyage, ses conditions et garanties, un lien sera disponible pour vous rediriger vers la FAQ avec toutes les r\u00e9ponses \u00e0 vos questions. Faites un tour sur la FAQ, <a href=\"https:\/\/www.sncf-connect.com\/train\/services-train\/assurance-allianz-travel\/train\" target=\"_blank\" rel=\"noreferrer noopener\">c\u2019est juste ici\u202f!<\/a>\u202f&nbsp;<\/p>\n\n\n\n<p><strong>L\u2019objectif de cette am\u00e9lioration<\/strong><strong>\u202f<\/strong><strong>?<\/strong><strong>\u202f<\/strong>Mieux vous informer et \u00eatre plus transparent.&nbsp;<\/p>\n\n\n\n<p>\u202f&nbsp;<\/p>\n\n\n\n<h2 class=\"wp-block-heading has-text-color has-link-color wp-elements-b06b52db626e6ed819a317ee72469c7a\" id=\"h-action-n-2-une-garantie-teleconsultation-a-clarifier\" style=\"color:#9fd3c7\"><strong>Action n\u00b0 2\u202f: Une garantie \u00ab\u202fT\u00e9l\u00e9consultation\u202f\u00bb \u00e0 clarifier\u202f<\/strong><\/h2>\n\n\n\n<p>De nombreux questionnements portaient sur la garantie \u00ab\u202fT\u00e9l\u00e9consultation\u202f\u00bb\u202f: <strong>Dans quel cas l&rsquo;acc\u00e8s \u00e0 la t\u00e9l\u00e9consultation est r\u00e9alisable ? Est-ce r\u00e9ellement gratuit<\/strong><strong>\u202f<\/strong><strong>?<\/strong>\u202f&nbsp;<\/p>\n\n\n\n<p>Pour une meilleure compr\u00e9hension nous allons ajouter une mention \u00ab\u202fpris en charge par l\u2019assurance Allianz\u202f\u00bb.\u202f&nbsp;<\/p>\n\n\n\n<p><strong>L\u2019objectif de cette clarification ?<\/strong>\u202f Assurer une compr\u00e9hension claire et pr\u00e9cise de vos avantages.\u202f&nbsp;<\/p>\n\n\n\n<p>Nos \u00e9quipes travaillent toujours sur d\u2019autres actions suite \u00e0 vos id\u00e9es et suggestions. Restez \u00e0 l\u2019aff\u00fbt des prochaines am\u00e9liorations !\u202f&nbsp;<\/p>\n\n\n\n<p>Un grand merci \u00e0 tous les membres de Connect &amp; Vous qui ont contribu\u00e9 \u00e0 ces projets. Votre implication est essentielle pour nous permettre de vous offrir des services toujours plus adapt\u00e9s \u00e0 vos besoins.\u202f\u202f&nbsp;<\/p>\n\n\n\n<p><strong>L\u2019\u00e9quipe Connect &amp; Vous<\/strong><strong>\u202f<\/strong><strong>\u202f<\/strong>&nbsp;<\/p>\n","protected":false},"excerpt":{"rendered":"<p>En mars, nous avons r\u00e9alis\u00e9 un sondage \u00e0 propos de l\u2019assurance voyage Allianz propos\u00e9e sur SNCF Connect. L\u2019objectif \u00e9tait principalement de mesurer votre compr\u00e9hension de l\u2019offre d\u2019assurance voyage et des garanties propos\u00e9es. Gr\u00e2ce \u00e0 vos retours, nous avons identifi\u00e9 plusieurs domaines d\u2019am\u00e9lioration pour mieux vous accompagner dans la compr\u00e9hension de l\u2019assurance voyage.\u202f&nbsp; Vos retours en quelques chiffres\u202f:\u202f\u202f&nbsp; Et si vous souhaitez en savoir plus, \u00e7a se passe\u202fici.\u202f\u202f&nbsp; \u202f&nbsp; Ce sondage a permis \u00e0 nos \u00e9quipes d\u2019avancer sur les actions suivantes&#8230;<\/p>\n<p class=\"read-more\"><a class=\"btn btn-default\" href=\"https:\/\/www.vous.sncf-connect.com\/blog\/assurances-les-actions-suite-a-vos-retours\/\">Lire la suite<span class=\"screen-reader-text\"> Lire la suite<\/span><\/a><\/p>\n","protected":false},"author":14,"featured_media":930,"comment_status":"closed","ping_status":"open","sticky":false,"template":"","format":"standard","meta":{"footnotes":""},"categories":[12],"tags":[],"class_list":["post-911","post","type-post","status-publish","format-standard","has-post-thumbnail","hentry","category-co-construction"],"yoast_head":"<!-- This site is optimized with the Yoast SEO Premium plugin v21.7 (Yoast SEO v21.7) - https:\/\/yoast.com\/wordpress\/plugins\/seo\/ -->\n<title>Assurances : les actions suite \u00e0 vos retours ! - Articles<\/title>\n<meta name=\"robots\" content=\"index, follow, max-snippet:-1, max-image-preview:large, max-video-preview:-1\" \/>\n<link rel=\"canonical\" href=\"https:\/\/www.vous.sncf-connect.com\/blog\/assurances-les-actions-suite-a-vos-retours\/\" \/>\n<meta property=\"og:locale\" content=\"fr_FR\" \/>\n<meta property=\"og:type\" content=\"article\" \/>\n<meta property=\"og:title\" content=\"Assurances : les actions suite \u00e0 vos retours !\" \/>\n<meta property=\"og:description\" content=\"En mars, nous avons r\u00e9alis\u00e9 un sondage \u00e0 propos de l\u2019assurance voyage Allianz propos\u00e9e sur SNCF Connect. L\u2019objectif \u00e9tait principalement de mesurer votre compr\u00e9hension de l\u2019offre d\u2019assurance voyage et des garanties propos\u00e9es. Gr\u00e2ce \u00e0 vos retours, nous avons identifi\u00e9 plusieurs domaines d\u2019am\u00e9lioration pour mieux vous accompagner dans la compr\u00e9hension de l\u2019assurance voyage.\u202f&nbsp; Vos retours en quelques chiffres\u202f:\u202f\u202f&nbsp; Et si vous souhaitez en savoir plus, \u00e7a se passe\u202fici.\u202f\u202f&nbsp; \u202f&nbsp; Ce sondage a permis \u00e0 nos \u00e9quipes d\u2019avancer sur les actions suivantes...Lire la suite Lire la suite\" \/>\n<meta property=\"og:url\" content=\"https:\/\/www.vous.sncf-connect.com\/blog\/assurances-les-actions-suite-a-vos-retours\/\" \/>\n<meta property=\"og:site_name\" content=\"Articles\" \/>\n<meta property=\"article:published_time\" content=\"2024-08-28T13:38:18+00:00\" \/>\n<meta property=\"article:modified_time\" content=\"2024-08-28T13:38:20+00:00\" \/>\n<meta property=\"og:image\" content=\"https:\/\/www.vous.sncf-connect.com\/blog\/wp-content\/uploads\/2024\/08\/65e71fc32557a.png\" \/>\n\t<meta property=\"og:image:width\" content=\"1180\" \/>\n\t<meta property=\"og:image:height\" content=\"540\" \/>\n\t<meta property=\"og:image:type\" content=\"image\/png\" \/>\n<meta name=\"author\" content=\"Meryem Turhan\" \/>\n<meta name=\"twitter:card\" content=\"summary_large_image\" \/>\n<meta name=\"twitter:label1\" content=\"\u00c9crit par\" \/>\n\t<meta name=\"twitter:data1\" content=\"Meryem Turhan\" \/>\n\t<meta name=\"twitter:label2\" content=\"Dur\u00e9e de lecture estim\u00e9e\" \/>\n\t<meta name=\"twitter:data2\" content=\"3 minutes\" \/>\n<script type=\"application\/ld+json\" class=\"yoast-schema-graph\">{\"@context\":\"https:\/\/schema.org\",\"@graph\":[{\"@type\":\"Article\",\"@id\":\"https:\/\/www.vous.sncf-connect.com\/blog\/assurances-les-actions-suite-a-vos-retours\/#article\",\"isPartOf\":{\"@id\":\"https:\/\/www.vous.sncf-connect.com\/blog\/assurances-les-actions-suite-a-vos-retours\/\"},\"author\":{\"name\":\"Meryem Turhan\",\"@id\":\"https:\/\/www.vous.sncf-connect.com\/blog\/#\/schema\/person\/8911857a87a39825376e164e2246a6e6\"},\"headline\":\"Assurances : les actions suite \u00e0 vos retours !\",\"datePublished\":\"2024-08-28T13:38:18+00:00\",\"dateModified\":\"2024-08-28T13:38:20+00:00\",\"mainEntityOfPage\":{\"@id\":\"https:\/\/www.vous.sncf-connect.com\/blog\/assurances-les-actions-suite-a-vos-retours\/\"},\"wordCount\":385,\"publisher\":{\"@id\":\"https:\/\/www.vous.sncf-connect.com\/blog\/#organization\"},\"articleSection\":[\"Co-construction\"],\"inLanguage\":\"fr-FR\"},{\"@type\":\"WebPage\",\"@id\":\"https:\/\/www.vous.sncf-connect.com\/blog\/assurances-les-actions-suite-a-vos-retours\/\",\"url\":\"https:\/\/www.vous.sncf-connect.com\/blog\/assurances-les-actions-suite-a-vos-retours\/\",\"name\":\"Assurances : les actions suite \u00e0 vos retours ! - Articles\",\"isPartOf\":{\"@id\":\"https:\/\/www.vous.sncf-connect.com\/blog\/#website\"},\"datePublished\":\"2024-08-28T13:38:18+00:00\",\"dateModified\":\"2024-08-28T13:38:20+00:00\",\"breadcrumb\":{\"@id\":\"https:\/\/www.vous.sncf-connect.com\/blog\/assurances-les-actions-suite-a-vos-retours\/#breadcrumb\"},\"inLanguage\":\"fr-FR\",\"potentialAction\":[{\"@type\":\"ReadAction\",\"target\":[\"https:\/\/www.vous.sncf-connect.com\/blog\/assurances-les-actions-suite-a-vos-retours\/\"]}]},{\"@type\":\"BreadcrumbList\",\"@id\":\"https:\/\/www.vous.sncf-connect.com\/blog\/assurances-les-actions-suite-a-vos-retours\/#breadcrumb\",\"itemListElement\":[{\"@type\":\"ListItem\",\"position\":1,\"name\":\"Accueil\",\"item\":\"https:\/\/www.vous.sncf-connect.com\/blog\/\"},{\"@type\":\"ListItem\",\"position\":2,\"name\":\"Assurances : les actions suite \u00e0 vos retours !\"}]},{\"@type\":\"WebSite\",\"@id\":\"https:\/\/www.vous.sncf-connect.com\/blog\/#website\",\"url\":\"https:\/\/www.vous.sncf-connect.com\/blog\/\",\"name\":\"Articles\",\"description\":\"Gardez un \u0153il sur nos actus et nos coulisses\",\"publisher\":{\"@id\":\"https:\/\/www.vous.sncf-connect.com\/blog\/#organization\"},\"potentialAction\":[{\"@type\":\"SearchAction\",\"target\":{\"@type\":\"EntryPoint\",\"urlTemplate\":\"https:\/\/www.vous.sncf-connect.com\/blog\/?s={search_term_string}\"},\"query-input\":\"required name=search_term_string\"}],\"inLanguage\":\"fr-FR\"},{\"@type\":\"Organization\",\"@id\":\"https:\/\/www.vous.sncf-connect.com\/blog\/#organization\",\"name\":\"Articles\",\"url\":\"https:\/\/www.vous.sncf-connect.com\/blog\/\",\"logo\":{\"@type\":\"ImageObject\",\"inLanguage\":\"fr-FR\",\"@id\":\"https:\/\/www.vous.sncf-connect.com\/blog\/#\/schema\/logo\/image\/\",\"url\":\"https:\/\/www.vous.sncf-connect.com\/blog\/wp-content\/uploads\/2023\/06\/cropped-cropped-SNCF-CONNECT-LOGO-1536x862-1-e1686143782223-1-e1686146451231.webp\",\"contentUrl\":\"https:\/\/www.vous.sncf-connect.com\/blog\/wp-content\/uploads\/2023\/06\/cropped-cropped-SNCF-CONNECT-LOGO-1536x862-1-e1686143782223-1-e1686146451231.webp\",\"width\":200,\"height\":71,\"caption\":\"Articles\"},\"image\":{\"@id\":\"https:\/\/www.vous.sncf-connect.com\/blog\/#\/schema\/logo\/image\/\"}},{\"@type\":\"Person\",\"@id\":\"https:\/\/www.vous.sncf-connect.com\/blog\/#\/schema\/person\/8911857a87a39825376e164e2246a6e6\",\"name\":\"Meryem Turhan\",\"image\":{\"@type\":\"ImageObject\",\"inLanguage\":\"fr-FR\",\"@id\":\"https:\/\/www.vous.sncf-connect.com\/blog\/#\/schema\/person\/image\/\",\"url\":\"https:\/\/secure.gravatar.com\/avatar\/b381e967b03194a3780353695e94d9dce78ae36bc4c3034ad140db8c75476ed4?s=96&d=mm&r=g\",\"contentUrl\":\"https:\/\/secure.gravatar.com\/avatar\/b381e967b03194a3780353695e94d9dce78ae36bc4c3034ad140db8c75476ed4?s=96&d=mm&r=g\",\"caption\":\"Meryem Turhan\"},\"url\":\"https:\/\/www.vous.sncf-connect.com\/blog\/author\/m-turhanfanvoice-com\/\"}]}<\/script>\n<!-- \/ Yoast SEO Premium plugin. -->","yoast_head_json":{"title":"Assurances : les actions suite \u00e0 vos retours ! - Articles","robots":{"index":"index","follow":"follow","max-snippet":"max-snippet:-1","max-image-preview":"max-image-preview:large","max-video-preview":"max-video-preview:-1"},"canonical":"https:\/\/www.vous.sncf-connect.com\/blog\/assurances-les-actions-suite-a-vos-retours\/","og_locale":"fr_FR","og_type":"article","og_title":"Assurances : les actions suite \u00e0 vos retours !","og_description":"En mars, nous avons r\u00e9alis\u00e9 un sondage \u00e0 propos de l\u2019assurance voyage Allianz propos\u00e9e sur SNCF Connect. L\u2019objectif \u00e9tait principalement de mesurer votre compr\u00e9hension de l\u2019offre d\u2019assurance voyage et des garanties propos\u00e9es. Gr\u00e2ce \u00e0 vos retours, nous avons identifi\u00e9 plusieurs domaines d\u2019am\u00e9lioration pour mieux vous accompagner dans la compr\u00e9hension de l\u2019assurance voyage.\u202f&nbsp; Vos retours en quelques chiffres\u202f:\u202f\u202f&nbsp; Et si vous souhaitez en savoir plus, \u00e7a se passe\u202fici.\u202f\u202f&nbsp; \u202f&nbsp; Ce sondage a permis \u00e0 nos \u00e9quipes d\u2019avancer sur les actions suivantes...Lire la suite Lire la suite","og_url":"https:\/\/www.vous.sncf-connect.com\/blog\/assurances-les-actions-suite-a-vos-retours\/","og_site_name":"Articles","article_published_time":"2024-08-28T13:38:18+00:00","article_modified_time":"2024-08-28T13:38:20+00:00","og_image":[{"width":1180,"height":540,"url":"https:\/\/www.vous.sncf-connect.com\/blog\/wp-content\/uploads\/2024\/08\/65e71fc32557a.png","type":"image\/png"}],"author":"Meryem Turhan","twitter_card":"summary_large_image","twitter_misc":{"\u00c9crit par":"Meryem Turhan","Dur\u00e9e de lecture estim\u00e9e":"3 minutes"},"schema":{"@context":"https:\/\/schema.org","@graph":[{"@type":"Article","@id":"https:\/\/www.vous.sncf-connect.com\/blog\/assurances-les-actions-suite-a-vos-retours\/#article","isPartOf":{"@id":"https:\/\/www.vous.sncf-connect.com\/blog\/assurances-les-actions-suite-a-vos-retours\/"},"author":{"name":"Meryem Turhan","@id":"https:\/\/www.vous.sncf-connect.com\/blog\/#\/schema\/person\/8911857a87a39825376e164e2246a6e6"},"headline":"Assurances : les actions suite \u00e0 vos retours !","datePublished":"2024-08-28T13:38:18+00:00","dateModified":"2024-08-28T13:38:20+00:00","mainEntityOfPage":{"@id":"https:\/\/www.vous.sncf-connect.com\/blog\/assurances-les-actions-suite-a-vos-retours\/"},"wordCount":385,"publisher":{"@id":"https:\/\/www.vous.sncf-connect.com\/blog\/#organization"},"articleSection":["Co-construction"],"inLanguage":"fr-FR"},{"@type":"WebPage","@id":"https:\/\/www.vous.sncf-connect.com\/blog\/assurances-les-actions-suite-a-vos-retours\/","url":"https:\/\/www.vous.sncf-connect.com\/blog\/assurances-les-actions-suite-a-vos-retours\/","name":"Assurances : les actions suite \u00e0 vos retours ! - Articles","isPartOf":{"@id":"https:\/\/www.vous.sncf-connect.com\/blog\/#website"},"datePublished":"2024-08-28T13:38:18+00:00","dateModified":"2024-08-28T13:38:20+00:00","breadcrumb":{"@id":"https:\/\/www.vous.sncf-connect.com\/blog\/assurances-les-actions-suite-a-vos-retours\/#breadcrumb"},"inLanguage":"fr-FR","potentialAction":[{"@type":"ReadAction","target":["https:\/\/www.vous.sncf-connect.com\/blog\/assurances-les-actions-suite-a-vos-retours\/"]}]},{"@type":"BreadcrumbList","@id":"https:\/\/www.vous.sncf-connect.com\/blog\/assurances-les-actions-suite-a-vos-retours\/#breadcrumb","itemListElement":[{"@type":"ListItem","position":1,"name":"Accueil","item":"https:\/\/www.vous.sncf-connect.com\/blog\/"},{"@type":"ListItem","position":2,"name":"Assurances : les actions suite \u00e0 vos retours !"}]},{"@type":"WebSite","@id":"https:\/\/www.vous.sncf-connect.com\/blog\/#website","url":"https:\/\/www.vous.sncf-connect.com\/blog\/","name":"Articles","description":"Gardez un \u0153il sur nos actus et nos coulisses","publisher":{"@id":"https:\/\/www.vous.sncf-connect.com\/blog\/#organization"},"potentialAction":[{"@type":"SearchAction","target":{"@type":"EntryPoint","urlTemplate":"https:\/\/www.vous.sncf-connect.com\/blog\/?s={search_term_string}"},"query-input":"required name=search_term_string"}],"inLanguage":"fr-FR"},{"@type":"Organization","@id":"https:\/\/www.vous.sncf-connect.com\/blog\/#organization","name":"Articles","url":"https:\/\/www.vous.sncf-connect.com\/blog\/","logo":{"@type":"ImageObject","inLanguage":"fr-FR","@id":"https:\/\/www.vous.sncf-connect.com\/blog\/#\/schema\/logo\/image\/","url":"https:\/\/www.vous.sncf-connect.com\/blog\/wp-content\/uploads\/2023\/06\/cropped-cropped-SNCF-CONNECT-LOGO-1536x862-1-e1686143782223-1-e1686146451231.webp","contentUrl":"https:\/\/www.vous.sncf-connect.com\/blog\/wp-content\/uploads\/2023\/06\/cropped-cropped-SNCF-CONNECT-LOGO-1536x862-1-e1686143782223-1-e1686146451231.webp","width":200,"height":71,"caption":"Articles"},"image":{"@id":"https:\/\/www.vous.sncf-connect.com\/blog\/#\/schema\/logo\/image\/"}},{"@type":"Person","@id":"https:\/\/www.vous.sncf-connect.com\/blog\/#\/schema\/person\/8911857a87a39825376e164e2246a6e6","name":"Meryem Turhan","image":{"@type":"ImageObject","inLanguage":"fr-FR","@id":"https:\/\/www.vous.sncf-connect.com\/blog\/#\/schema\/person\/image\/","url":"https:\/\/secure.gravatar.com\/avatar\/b381e967b03194a3780353695e94d9dce78ae36bc4c3034ad140db8c75476ed4?s=96&d=mm&r=g","contentUrl":"https:\/\/secure.gravatar.com\/avatar\/b381e967b03194a3780353695e94d9dce78ae36bc4c3034ad140db8c75476ed4?s=96&d=mm&r=g","caption":"Meryem Turhan"},"url":"https:\/\/www.vous.sncf-connect.com\/blog\/author\/m-turhanfanvoice-com\/"}]}},"_links":{"self":[{"href":"https:\/\/www.vous.sncf-connect.com\/blog\/wp-json\/wp\/v2\/posts\/911","targetHints":{"allow":["GET"]}}],"collection":[{"href":"https:\/\/www.vous.sncf-connect.com\/blog\/wp-json\/wp\/v2\/posts"}],"about":[{"href":"https:\/\/www.vous.sncf-connect.com\/blog\/wp-json\/wp\/v2\/types\/post"}],"author":[{"embeddable":true,"href":"https:\/\/www.vous.sncf-connect.com\/blog\/wp-json\/wp\/v2\/users\/14"}],"replies":[{"embeddable":true,"href":"https:\/\/www.vous.sncf-connect.com\/blog\/wp-json\/wp\/v2\/comments?post=911"}],"version-history":[{"count":13,"href":"https:\/\/www.vous.sncf-connect.com\/blog\/wp-json\/wp\/v2\/posts\/911\/revisions"}],"predecessor-version":[{"id":953,"href":"https:\/\/www.vous.sncf-connect.com\/blog\/wp-json\/wp\/v2\/posts\/911\/revisions\/953"}],"wp:featuredmedia":[{"embeddable":true,"href":"https:\/\/www.vous.sncf-connect.com\/blog\/wp-json\/wp\/v2\/media\/930"}],"wp:attachment":[{"href":"https:\/\/www.vous.sncf-connect.com\/blog\/wp-json\/wp\/v2\/media?parent=911"}],"wp:term":[{"taxonomy":"category","embeddable":true,"href":"https:\/\/www.vous.sncf-connect.com\/blog\/wp-json\/wp\/v2\/categories?post=911"},{"taxonomy":"post_tag","embeddable":true,"href":"https:\/\/www.vous.sncf-connect.com\/blog\/wp-json\/wp\/v2\/tags?post=911"}],"curies":[{"name":"wp","href":"https:\/\/api.w.org\/{rel}","templated":true}]}}