{"id":905,"date":"2024-08-28T15:37:26","date_gmt":"2024-08-28T13:37:26","guid":{"rendered":"https:\/\/www.vous.sncf-connect.com\/blog\/?p=905"},"modified":"2024-08-28T15:37:27","modified_gmt":"2024-08-28T13:37:27","slug":"le-bouton-signaler-les-actions-suite-a-vos-retours","status":"publish","type":"post","link":"https:\/\/www.vous.sncf-connect.com\/blog\/le-bouton-signaler-les-actions-suite-a-vos-retours\/","title":{"rendered":"Le bouton \u00ab\u00a0Signaler\u00a0\u00bb : les actions suite \u00e0 vos retours !"},"content":{"rendered":"\n<p>En avril, nous avons lanc\u00e9 un sondage sur la fonctionnalit\u00e9 \u00ab\u00a0Signaler\u00a0\u00bb de SNCF Connect pour mieux comprendre vos attentes, explorer de nouvelles cat\u00e9gories de signalements, et trouver des moyens de favoriser son utilisation.&nbsp;<\/p>\n\n\n\n<p>Vos retours en quelques chiffres\u202f:\u202f\u202f&nbsp;<\/p>\n\n\n\n<figure class=\"wp-block-image size-full\"><img loading=\"lazy\" decoding=\"async\" width=\"605\" height=\"352\" src=\"https:\/\/www.vous.sncf-connect.com\/blog\/wp-content\/uploads\/2024\/08\/Image1-1.png\" alt=\"\" class=\"wp-image-919\" srcset=\"https:\/\/www.vous.sncf-connect.com\/blog\/wp-content\/uploads\/2024\/08\/Image1-1.png 605w, https:\/\/www.vous.sncf-connect.com\/blog\/wp-content\/uploads\/2024\/08\/Image1-1-300x175.png 300w, https:\/\/www.vous.sncf-connect.com\/blog\/wp-content\/uploads\/2024\/08\/Image1-1-464x270.png 464w\" sizes=\"auto, (max-width: 605px) 100vw, 605px\" \/><\/figure>\n\n\n\n<p class=\"has-small-font-size\">Et si vous souhaitez en savoir plus, \u00e7a se passe\u202f<a href=\"https:\/\/www.vous.sncf-connect.com\/clients\/signaler\/\" target=\"_blank\" rel=\"noreferrer noopener\">ici<\/a>&nbsp;<\/p>\n\n\n\n<p>\u202f\u00a0<\/p>\n\n\n\n<h2 class=\"wp-block-heading has-text-color has-link-color wp-elements-59330d0167a0f6ff464e51efdba0c33b\" id=\"h-un-chantier-encore-en-cours\" style=\"color:#9fd3c7\">Un chantier encore en cours&#8230;<\/h2>\n\n\n\n<p>Cette enqu\u00eate et vos pr\u00e9cieux retours ont confirm\u00e9 la pertinence de cette fonctionnalit\u00e9 et l\u2019impact positif qu\u2019elle pourrait avoir dans votre exp\u00e9rience de mobilit\u00e9 au quotidien.&nbsp;&nbsp;<\/p>\n\n\n\n<p>Nous avons transmis vos retours et les r\u00e9sultats du sondage aux \u00e9quipes qui travaillent sur la fonctionnalit\u00e9 \u00ab Signaler \u00bb. Diff\u00e9rents axes de travail ont d\u00e9but\u00e9 :&nbsp;<\/p>\n\n\n\n<ul class=\"wp-block-list\">\n<li>Rendre la fonctionnalit\u00e9 plus visible et accessible dans l&rsquo;application,&nbsp;<\/li>\n<\/ul>\n\n\n\n<ul class=\"wp-block-list\">\n<li>Int\u00e9grer de nouvelles cat\u00e9gories de signalements dont celles que vous nous avez sugg\u00e9r\u00e9es dans l\u2019enqu\u00eate&nbsp;<\/li>\n<\/ul>\n\n\n\n<ul class=\"wp-block-list\">\n<li>Proposer aux voyageurs ayant fait un signalement un suivi des actions men\u00e9es par les \u00e9quipes SNCF&nbsp;<\/li>\n<\/ul>\n\n\n\n<p>Ce sujet \u00e9tant pour le moment au stade exploratoire, nous vous tiendrons inform\u00e9s des avanc\u00e9es du projet.<\/p>\n\n\n\n<p>Un grand merci \u00e0 tous les membres de Connect &amp; Vous qui ont pris part \u00e0 ce projet. Votre engagement est essentiel pour nous permettre de vous offrir des services toujours plus adapt\u00e9s \u00e0 vos besoins.&nbsp;<\/p>\n\n\n\n<p><strong>L\u2019\u00e9quipe Connect &amp; Vous<\/strong><strong>\u202f<\/strong><strong>\u202f<\/strong>&nbsp;<\/p>\n","protected":false},"excerpt":{"rendered":"<p>En avril, nous avons lanc\u00e9 un sondage sur la fonctionnalit\u00e9 \u00ab\u00a0Signaler\u00a0\u00bb de SNCF Connect pour mieux comprendre vos attentes, explorer de nouvelles cat\u00e9gories de signalements, et trouver des moyens de favoriser son utilisation.&nbsp; Vos retours en quelques chiffres\u202f:\u202f\u202f&nbsp; Et si vous souhaitez en savoir plus, \u00e7a se passe\u202fici&nbsp; \u202f\u00a0 Un chantier encore en cours&#8230; Cette enqu\u00eate et vos pr\u00e9cieux retours ont confirm\u00e9 la pertinence de cette fonctionnalit\u00e9 et l\u2019impact positif qu\u2019elle pourrait avoir dans votre exp\u00e9rience de mobilit\u00e9 au quotidien.&nbsp;&nbsp;&#8230;<\/p>\n<p class=\"read-more\"><a class=\"btn btn-default\" href=\"https:\/\/www.vous.sncf-connect.com\/blog\/le-bouton-signaler-les-actions-suite-a-vos-retours\/\">Lire la suite<span class=\"screen-reader-text\"> Lire la suite<\/span><\/a><\/p>\n","protected":false},"author":14,"featured_media":928,"comment_status":"closed","ping_status":"open","sticky":false,"template":"","format":"standard","meta":{"footnotes":""},"categories":[12],"tags":[],"class_list":["post-905","post","type-post","status-publish","format-standard","has-post-thumbnail","hentry","category-co-construction"],"yoast_head":"<!-- This site is optimized with the Yoast SEO Premium plugin v21.7 (Yoast SEO v21.7) - https:\/\/yoast.com\/wordpress\/plugins\/seo\/ -->\n<title>Le bouton &quot;Signaler&quot; : les actions suite \u00e0 vos retours ! - Articles<\/title>\n<meta name=\"robots\" content=\"index, follow, max-snippet:-1, max-image-preview:large, max-video-preview:-1\" \/>\n<link rel=\"canonical\" href=\"https:\/\/www.vous.sncf-connect.com\/blog\/le-bouton-signaler-les-actions-suite-a-vos-retours\/\" \/>\n<meta property=\"og:locale\" content=\"fr_FR\" \/>\n<meta property=\"og:type\" content=\"article\" \/>\n<meta property=\"og:title\" content=\"Le bouton &quot;Signaler&quot; : les actions suite \u00e0 vos retours !\" \/>\n<meta property=\"og:description\" content=\"En avril, nous avons lanc\u00e9 un sondage sur la fonctionnalit\u00e9 \u00ab\u00a0Signaler\u00a0\u00bb de SNCF Connect pour mieux comprendre vos attentes, explorer de nouvelles cat\u00e9gories de signalements, et trouver des moyens de favoriser son utilisation.&nbsp; Vos retours en quelques chiffres\u202f:\u202f\u202f&nbsp; Et si vous souhaitez en savoir plus, \u00e7a se passe\u202fici&nbsp; \u202f\u00a0 Un chantier encore en cours&#8230; Cette enqu\u00eate et vos pr\u00e9cieux retours ont confirm\u00e9 la pertinence de cette fonctionnalit\u00e9 et l\u2019impact positif qu\u2019elle pourrait avoir dans votre exp\u00e9rience de mobilit\u00e9 au quotidien.&nbsp;&nbsp;...Lire la suite Lire la suite\" \/>\n<meta property=\"og:url\" content=\"https:\/\/www.vous.sncf-connect.com\/blog\/le-bouton-signaler-les-actions-suite-a-vos-retours\/\" \/>\n<meta property=\"og:site_name\" content=\"Articles\" \/>\n<meta property=\"article:published_time\" content=\"2024-08-28T13:37:26+00:00\" \/>\n<meta property=\"article:modified_time\" content=\"2024-08-28T13:37:27+00:00\" \/>\n<meta property=\"og:image\" content=\"https:\/\/www.vous.sncf-connect.com\/blog\/wp-content\/uploads\/2024\/08\/661699c523e37-e1724762864176.png\" \/>\n\t<meta property=\"og:image:width\" content=\"1042\" \/>\n\t<meta property=\"og:image:height\" content=\"454\" \/>\n\t<meta property=\"og:image:type\" content=\"image\/png\" \/>\n<meta name=\"author\" content=\"Meryem Turhan\" \/>\n<meta name=\"twitter:card\" content=\"summary_large_image\" \/>\n<meta name=\"twitter:label1\" content=\"\u00c9crit par\" \/>\n\t<meta name=\"twitter:data1\" content=\"Meryem Turhan\" \/>\n\t<meta name=\"twitter:label2\" content=\"Dur\u00e9e de lecture estim\u00e9e\" \/>\n\t<meta name=\"twitter:data2\" content=\"2 minutes\" \/>\n<script type=\"application\/ld+json\" class=\"yoast-schema-graph\">{\"@context\":\"https:\/\/schema.org\",\"@graph\":[{\"@type\":\"Article\",\"@id\":\"https:\/\/www.vous.sncf-connect.com\/blog\/le-bouton-signaler-les-actions-suite-a-vos-retours\/#article\",\"isPartOf\":{\"@id\":\"https:\/\/www.vous.sncf-connect.com\/blog\/le-bouton-signaler-les-actions-suite-a-vos-retours\/\"},\"author\":{\"name\":\"Meryem Turhan\",\"@id\":\"https:\/\/www.vous.sncf-connect.com\/blog\/#\/schema\/person\/8911857a87a39825376e164e2246a6e6\"},\"headline\":\"Le bouton \u00ab\u00a0Signaler\u00a0\u00bb : les actions suite \u00e0 vos retours !\",\"datePublished\":\"2024-08-28T13:37:26+00:00\",\"dateModified\":\"2024-08-28T13:37:27+00:00\",\"mainEntityOfPage\":{\"@id\":\"https:\/\/www.vous.sncf-connect.com\/blog\/le-bouton-signaler-les-actions-suite-a-vos-retours\/\"},\"wordCount\":237,\"publisher\":{\"@id\":\"https:\/\/www.vous.sncf-connect.com\/blog\/#organization\"},\"articleSection\":[\"Co-construction\"],\"inLanguage\":\"fr-FR\"},{\"@type\":\"WebPage\",\"@id\":\"https:\/\/www.vous.sncf-connect.com\/blog\/le-bouton-signaler-les-actions-suite-a-vos-retours\/\",\"url\":\"https:\/\/www.vous.sncf-connect.com\/blog\/le-bouton-signaler-les-actions-suite-a-vos-retours\/\",\"name\":\"Le bouton \\\"Signaler\\\" : les actions suite \u00e0 vos retours ! - Articles\",\"isPartOf\":{\"@id\":\"https:\/\/www.vous.sncf-connect.com\/blog\/#website\"},\"datePublished\":\"2024-08-28T13:37:26+00:00\",\"dateModified\":\"2024-08-28T13:37:27+00:00\",\"breadcrumb\":{\"@id\":\"https:\/\/www.vous.sncf-connect.com\/blog\/le-bouton-signaler-les-actions-suite-a-vos-retours\/#breadcrumb\"},\"inLanguage\":\"fr-FR\",\"potentialAction\":[{\"@type\":\"ReadAction\",\"target\":[\"https:\/\/www.vous.sncf-connect.com\/blog\/le-bouton-signaler-les-actions-suite-a-vos-retours\/\"]}]},{\"@type\":\"BreadcrumbList\",\"@id\":\"https:\/\/www.vous.sncf-connect.com\/blog\/le-bouton-signaler-les-actions-suite-a-vos-retours\/#breadcrumb\",\"itemListElement\":[{\"@type\":\"ListItem\",\"position\":1,\"name\":\"Accueil\",\"item\":\"https:\/\/www.vous.sncf-connect.com\/blog\/\"},{\"@type\":\"ListItem\",\"position\":2,\"name\":\"Le bouton \u00ab\u00a0Signaler\u00a0\u00bb : les actions suite \u00e0 vos retours !\"}]},{\"@type\":\"WebSite\",\"@id\":\"https:\/\/www.vous.sncf-connect.com\/blog\/#website\",\"url\":\"https:\/\/www.vous.sncf-connect.com\/blog\/\",\"name\":\"Articles\",\"description\":\"Gardez un \u0153il sur nos actus et nos coulisses\",\"publisher\":{\"@id\":\"https:\/\/www.vous.sncf-connect.com\/blog\/#organization\"},\"potentialAction\":[{\"@type\":\"SearchAction\",\"target\":{\"@type\":\"EntryPoint\",\"urlTemplate\":\"https:\/\/www.vous.sncf-connect.com\/blog\/?s={search_term_string}\"},\"query-input\":\"required name=search_term_string\"}],\"inLanguage\":\"fr-FR\"},{\"@type\":\"Organization\",\"@id\":\"https:\/\/www.vous.sncf-connect.com\/blog\/#organization\",\"name\":\"Articles\",\"url\":\"https:\/\/www.vous.sncf-connect.com\/blog\/\",\"logo\":{\"@type\":\"ImageObject\",\"inLanguage\":\"fr-FR\",\"@id\":\"https:\/\/www.vous.sncf-connect.com\/blog\/#\/schema\/logo\/image\/\",\"url\":\"https:\/\/www.vous.sncf-connect.com\/blog\/wp-content\/uploads\/2023\/06\/cropped-cropped-SNCF-CONNECT-LOGO-1536x862-1-e1686143782223-1-e1686146451231.webp\",\"contentUrl\":\"https:\/\/www.vous.sncf-connect.com\/blog\/wp-content\/uploads\/2023\/06\/cropped-cropped-SNCF-CONNECT-LOGO-1536x862-1-e1686143782223-1-e1686146451231.webp\",\"width\":200,\"height\":71,\"caption\":\"Articles\"},\"image\":{\"@id\":\"https:\/\/www.vous.sncf-connect.com\/blog\/#\/schema\/logo\/image\/\"}},{\"@type\":\"Person\",\"@id\":\"https:\/\/www.vous.sncf-connect.com\/blog\/#\/schema\/person\/8911857a87a39825376e164e2246a6e6\",\"name\":\"Meryem Turhan\",\"image\":{\"@type\":\"ImageObject\",\"inLanguage\":\"fr-FR\",\"@id\":\"https:\/\/www.vous.sncf-connect.com\/blog\/#\/schema\/person\/image\/\",\"url\":\"https:\/\/secure.gravatar.com\/avatar\/b381e967b03194a3780353695e94d9dce78ae36bc4c3034ad140db8c75476ed4?s=96&d=mm&r=g\",\"contentUrl\":\"https:\/\/secure.gravatar.com\/avatar\/b381e967b03194a3780353695e94d9dce78ae36bc4c3034ad140db8c75476ed4?s=96&d=mm&r=g\",\"caption\":\"Meryem Turhan\"},\"url\":\"https:\/\/www.vous.sncf-connect.com\/blog\/author\/m-turhanfanvoice-com\/\"}]}<\/script>\n<!-- \/ Yoast SEO Premium plugin. -->","yoast_head_json":{"title":"Le bouton \"Signaler\" : les actions suite \u00e0 vos retours ! - Articles","robots":{"index":"index","follow":"follow","max-snippet":"max-snippet:-1","max-image-preview":"max-image-preview:large","max-video-preview":"max-video-preview:-1"},"canonical":"https:\/\/www.vous.sncf-connect.com\/blog\/le-bouton-signaler-les-actions-suite-a-vos-retours\/","og_locale":"fr_FR","og_type":"article","og_title":"Le bouton \"Signaler\" : les actions suite \u00e0 vos retours !","og_description":"En avril, nous avons lanc\u00e9 un sondage sur la fonctionnalit\u00e9 \u00ab\u00a0Signaler\u00a0\u00bb de SNCF Connect pour mieux comprendre vos attentes, explorer de nouvelles cat\u00e9gories de signalements, et trouver des moyens de favoriser son utilisation.&nbsp; Vos retours en quelques chiffres\u202f:\u202f\u202f&nbsp; Et si vous souhaitez en savoir plus, \u00e7a se passe\u202fici&nbsp; \u202f\u00a0 Un chantier encore en cours&#8230; Cette enqu\u00eate et vos pr\u00e9cieux retours ont confirm\u00e9 la pertinence de cette fonctionnalit\u00e9 et l\u2019impact positif qu\u2019elle pourrait avoir dans votre exp\u00e9rience de mobilit\u00e9 au quotidien.&nbsp;&nbsp;...Lire la suite Lire la suite","og_url":"https:\/\/www.vous.sncf-connect.com\/blog\/le-bouton-signaler-les-actions-suite-a-vos-retours\/","og_site_name":"Articles","article_published_time":"2024-08-28T13:37:26+00:00","article_modified_time":"2024-08-28T13:37:27+00:00","og_image":[{"width":1042,"height":454,"url":"https:\/\/www.vous.sncf-connect.com\/blog\/wp-content\/uploads\/2024\/08\/661699c523e37-e1724762864176.png","type":"image\/png"}],"author":"Meryem Turhan","twitter_card":"summary_large_image","twitter_misc":{"\u00c9crit par":"Meryem Turhan","Dur\u00e9e de lecture estim\u00e9e":"2 minutes"},"schema":{"@context":"https:\/\/schema.org","@graph":[{"@type":"Article","@id":"https:\/\/www.vous.sncf-connect.com\/blog\/le-bouton-signaler-les-actions-suite-a-vos-retours\/#article","isPartOf":{"@id":"https:\/\/www.vous.sncf-connect.com\/blog\/le-bouton-signaler-les-actions-suite-a-vos-retours\/"},"author":{"name":"Meryem Turhan","@id":"https:\/\/www.vous.sncf-connect.com\/blog\/#\/schema\/person\/8911857a87a39825376e164e2246a6e6"},"headline":"Le bouton \u00ab\u00a0Signaler\u00a0\u00bb : les actions suite \u00e0 vos retours !","datePublished":"2024-08-28T13:37:26+00:00","dateModified":"2024-08-28T13:37:27+00:00","mainEntityOfPage":{"@id":"https:\/\/www.vous.sncf-connect.com\/blog\/le-bouton-signaler-les-actions-suite-a-vos-retours\/"},"wordCount":237,"publisher":{"@id":"https:\/\/www.vous.sncf-connect.com\/blog\/#organization"},"articleSection":["Co-construction"],"inLanguage":"fr-FR"},{"@type":"WebPage","@id":"https:\/\/www.vous.sncf-connect.com\/blog\/le-bouton-signaler-les-actions-suite-a-vos-retours\/","url":"https:\/\/www.vous.sncf-connect.com\/blog\/le-bouton-signaler-les-actions-suite-a-vos-retours\/","name":"Le bouton \"Signaler\" : les actions suite \u00e0 vos retours ! - Articles","isPartOf":{"@id":"https:\/\/www.vous.sncf-connect.com\/blog\/#website"},"datePublished":"2024-08-28T13:37:26+00:00","dateModified":"2024-08-28T13:37:27+00:00","breadcrumb":{"@id":"https:\/\/www.vous.sncf-connect.com\/blog\/le-bouton-signaler-les-actions-suite-a-vos-retours\/#breadcrumb"},"inLanguage":"fr-FR","potentialAction":[{"@type":"ReadAction","target":["https:\/\/www.vous.sncf-connect.com\/blog\/le-bouton-signaler-les-actions-suite-a-vos-retours\/"]}]},{"@type":"BreadcrumbList","@id":"https:\/\/www.vous.sncf-connect.com\/blog\/le-bouton-signaler-les-actions-suite-a-vos-retours\/#breadcrumb","itemListElement":[{"@type":"ListItem","position":1,"name":"Accueil","item":"https:\/\/www.vous.sncf-connect.com\/blog\/"},{"@type":"ListItem","position":2,"name":"Le bouton \u00ab\u00a0Signaler\u00a0\u00bb : les actions suite \u00e0 vos retours !"}]},{"@type":"WebSite","@id":"https:\/\/www.vous.sncf-connect.com\/blog\/#website","url":"https:\/\/www.vous.sncf-connect.com\/blog\/","name":"Articles","description":"Gardez un \u0153il sur nos actus et nos coulisses","publisher":{"@id":"https:\/\/www.vous.sncf-connect.com\/blog\/#organization"},"potentialAction":[{"@type":"SearchAction","target":{"@type":"EntryPoint","urlTemplate":"https:\/\/www.vous.sncf-connect.com\/blog\/?s={search_term_string}"},"query-input":"required name=search_term_string"}],"inLanguage":"fr-FR"},{"@type":"Organization","@id":"https:\/\/www.vous.sncf-connect.com\/blog\/#organization","name":"Articles","url":"https:\/\/www.vous.sncf-connect.com\/blog\/","logo":{"@type":"ImageObject","inLanguage":"fr-FR","@id":"https:\/\/www.vous.sncf-connect.com\/blog\/#\/schema\/logo\/image\/","url":"https:\/\/www.vous.sncf-connect.com\/blog\/wp-content\/uploads\/2023\/06\/cropped-cropped-SNCF-CONNECT-LOGO-1536x862-1-e1686143782223-1-e1686146451231.webp","contentUrl":"https:\/\/www.vous.sncf-connect.com\/blog\/wp-content\/uploads\/2023\/06\/cropped-cropped-SNCF-CONNECT-LOGO-1536x862-1-e1686143782223-1-e1686146451231.webp","width":200,"height":71,"caption":"Articles"},"image":{"@id":"https:\/\/www.vous.sncf-connect.com\/blog\/#\/schema\/logo\/image\/"}},{"@type":"Person","@id":"https:\/\/www.vous.sncf-connect.com\/blog\/#\/schema\/person\/8911857a87a39825376e164e2246a6e6","name":"Meryem Turhan","image":{"@type":"ImageObject","inLanguage":"fr-FR","@id":"https:\/\/www.vous.sncf-connect.com\/blog\/#\/schema\/person\/image\/","url":"https:\/\/secure.gravatar.com\/avatar\/b381e967b03194a3780353695e94d9dce78ae36bc4c3034ad140db8c75476ed4?s=96&d=mm&r=g","contentUrl":"https:\/\/secure.gravatar.com\/avatar\/b381e967b03194a3780353695e94d9dce78ae36bc4c3034ad140db8c75476ed4?s=96&d=mm&r=g","caption":"Meryem Turhan"},"url":"https:\/\/www.vous.sncf-connect.com\/blog\/author\/m-turhanfanvoice-com\/"}]}},"_links":{"self":[{"href":"https:\/\/www.vous.sncf-connect.com\/blog\/wp-json\/wp\/v2\/posts\/905","targetHints":{"allow":["GET"]}}],"collection":[{"href":"https:\/\/www.vous.sncf-connect.com\/blog\/wp-json\/wp\/v2\/posts"}],"about":[{"href":"https:\/\/www.vous.sncf-connect.com\/blog\/wp-json\/wp\/v2\/types\/post"}],"author":[{"embeddable":true,"href":"https:\/\/www.vous.sncf-connect.com\/blog\/wp-json\/wp\/v2\/users\/14"}],"replies":[{"embeddable":true,"href":"https:\/\/www.vous.sncf-connect.com\/blog\/wp-json\/wp\/v2\/comments?post=905"}],"version-history":[{"count":9,"href":"https:\/\/www.vous.sncf-connect.com\/blog\/wp-json\/wp\/v2\/posts\/905\/revisions"}],"predecessor-version":[{"id":948,"href":"https:\/\/www.vous.sncf-connect.com\/blog\/wp-json\/wp\/v2\/posts\/905\/revisions\/948"}],"wp:featuredmedia":[{"embeddable":true,"href":"https:\/\/www.vous.sncf-connect.com\/blog\/wp-json\/wp\/v2\/media\/928"}],"wp:attachment":[{"href":"https:\/\/www.vous.sncf-connect.com\/blog\/wp-json\/wp\/v2\/media?parent=905"}],"wp:term":[{"taxonomy":"category","embeddable":true,"href":"https:\/\/www.vous.sncf-connect.com\/blog\/wp-json\/wp\/v2\/categories?post=905"},{"taxonomy":"post_tag","embeddable":true,"href":"https:\/\/www.vous.sncf-connect.com\/blog\/wp-json\/wp\/v2\/tags?post=905"}],"curies":[{"name":"wp","href":"https:\/\/api.w.org\/{rel}","templated":true}]}}