{"id":1103,"date":"2024-12-04T12:34:01","date_gmt":"2024-12-04T11:34:01","guid":{"rendered":"https:\/\/www.vous.sncf-connect.com\/blog\/?p=1103"},"modified":"2024-12-04T14:10:13","modified_gmt":"2024-12-04T13:10:13","slug":"votre-retrainspective-2024-cest-demain","status":"publish","type":"post","link":"https:\/\/www.vous.sncf-connect.com\/blog\/votre-retrainspective-2024-cest-demain\/","title":{"rendered":"Votre R\u00e9trainspective 2024 : C&rsquo;est demain !"},"content":{"rendered":"\n<p>En 2023, vous avez pu d\u00e9couvrir votre R\u00e9trainspective. Cette ann\u00e9e, SNCF Connect renouvelle l&rsquo;exp\u00e9rience !<\/p>\n\n\n\n<p><strong>D\u00e8s demain, vous pourrez retrouver sur votre application SNCF Connect le bilan de vos voyages en train 2024<\/strong> : vos moments forts, les kilom\u00e8tres parcourus ou encore vos destinations favorites.<\/p>\n\n\n<div class=\"wp-block-image\">\n<figure class=\"aligncenter size-large is-resized\"><img loading=\"lazy\" decoding=\"async\" width=\"683\" height=\"1024\" src=\"https:\/\/www.vous.sncf-connect.com\/blog\/wp-content\/uploads\/2024\/12\/application-sncf-connect-1-2-683x1024.jpg\" alt=\"\" class=\"wp-image-1104\" style=\"width:264px;height:auto\" srcset=\"https:\/\/www.vous.sncf-connect.com\/blog\/wp-content\/uploads\/2024\/12\/application-sncf-connect-1-2-683x1024.jpg 683w, https:\/\/www.vous.sncf-connect.com\/blog\/wp-content\/uploads\/2024\/12\/application-sncf-connect-1-2-200x300.jpg 200w, https:\/\/www.vous.sncf-connect.com\/blog\/wp-content\/uploads\/2024\/12\/application-sncf-connect-1-2-768x1152.jpg 768w, https:\/\/www.vous.sncf-connect.com\/blog\/wp-content\/uploads\/2024\/12\/application-sncf-connect-1-2-180x270.jpg 180w, https:\/\/www.vous.sncf-connect.com\/blog\/wp-content\/uploads\/2024\/12\/application-sncf-connect-1-2.jpg 1000w\" sizes=\"auto, (max-width: 683px) 100vw, 683px\" \/><\/figure>\n<\/div>\n\n\n<h4 class=\"wp-block-heading\" id=\"h-d-ici-la-nous-vous-proposons-de-decouvrir-ce-que-represente-ma-retrainspective-2024-pour-les-collaborateurs-ayant-travaille-sur-ce-beau-projet\">D&rsquo;ici l\u00e0, nous vous proposons de d\u00e9couvrir ce que repr\u00e9sente \u00ab\u00a0Ma R\u00e9trainspective 2024\u00a0\u00bb pour les collaborateurs ayant travaill\u00e9 sur ce beau projet !<\/h4>\n\n\n\n<p>\u00ab\u00a0<em>La R\u00e9trainspective 2024, pour moi c\u2019est un projet qui a sollicit\u00e9 quasiment toutes les directions de SNCF Connect &amp; Tech, qui a d\u00e9marr\u00e9 en mars, pour nous permettre d\u2019offrir aux clients SNCF Connect un bilan encore am\u00e9lior\u00e9 de leurs voyages avec nous cette ann\u00e9e et de l\u2019impact positif d\u2019avoir recours \u00e0 un mode de transport d\u00e9carbon\u00e9.<\/em>\u00a0\u00bb &#8211; <strong>Marine Z, Responsable op\u00e9ration commerciale.<\/strong><\/p>\n\n\n\n<p><em>\u00ab\u00a0La R\u00e9trainspective 2024, pour moi c\u2019est l\u2019aboutissement de plusieurs mois de travail, avec des \u00e9quipes formidables, sur un projet structurant pour SNCF Connect. C\u2019est \u00e9galement l\u2019occasion d\u2019\u00e9changer avec des m\u00e9tiers qui sortent de notre quotidien pour offrir un bilan personnalis\u00e9 \u00e0 pr\u00e8s de 10 millions de nos clients<\/em>.\u00a0\u00bb <strong>Lucas D, Dataminer.<\/strong><\/p>\n\n\n\n<p><em>\u00ab\u00a0Cr\u00e9ativit\u00e9 et innovation, ce sont les principes qui ont guid\u00e9 notre travail durant ces 8 derniers mois autour de la R\u00e9trainspective 2024 avec une ambition&nbsp;: continuer \u00e0 surprendre nos utilisateurs avec un dispositif attractif, distrayant et p\u00e9dagogique&nbsp;!\u00a0\u00bb <strong>Mariame B, Responsable publicit\u00e9 et branding.<\/strong><\/em><\/p>\n\n\n\n<p><em>\u00ab\u00a0La R\u00e9trainspective 2024, pour moi c\u2019est le r\u00e9sultat de la collaboration entre plusieurs directions de SNCF Connect, qui permet de proposer \u00e0 nos clients un bilan personnalis\u00e9 de leur ann\u00e9e en train, dans une version encore plus innovante que l&rsquo;ann\u00e9e pr\u00e9c\u00e9dente.\u00a0\u00bb <strong>Clarisse L, Product Owner<\/strong><\/em><\/p>\n\n\n\n<p><em>\u00ab\u00a0La R\u00e9trainspective 2024 pour moi, c\u2019est l\u2019aboutissement de 3 ann\u00e9es d\u2019it\u00e9rations avec notre super collectif pour proposer au client une exp\u00e9rience r\u00e9trospective originale, de qualit\u00e9, qui porte l&rsquo;ADN Connect. C&rsquo;est aussi une fonctionnalit\u00e9 sur laquelle nous avons choisi de consolider et optimiser afin de gagner en excellence op\u00e9rationnelle.\u00a0\u00bb<\/em> <strong><em>Paul M, Customer Experience<\/em><\/strong><\/p>\n\n\n\n<p><\/p>\n\n\n\n<div class=\"wp-block-group\"><div class=\"wp-block-group__inner-container is-layout-constrained wp-block-group-is-layout-constrained\">\n<hr class=\"wp-block-separator has-alpha-channel-opacity\"\/>\n<\/div><\/div>\n\n\n\n<p><\/p>\n\n\n\n<p>Pour en savoir plus sur \u00ab\u00a0Ma R\u00e9trainspective 2024\u00a0\u00bb , <a href=\"https:\/\/www.sncf-connect.com\/train\/team-train\">c&rsquo;est ici.<\/a><\/p>\n\n\n\n<p><\/p>\n","protected":false},"excerpt":{"rendered":"<p>En 2023, vous avez pu d\u00e9couvrir votre R\u00e9trainspective. Cette ann\u00e9e, SNCF Connect renouvelle l&rsquo;exp\u00e9rience ! D\u00e8s demain, vous pourrez retrouver sur votre application SNCF Connect le bilan de vos voyages en train 2024 : vos moments forts, les kilom\u00e8tres parcourus ou encore vos destinations favorites. D&rsquo;ici l\u00e0, nous vous proposons de d\u00e9couvrir ce que repr\u00e9sente \u00ab\u00a0Ma R\u00e9trainspective 2024\u00a0\u00bb pour les collaborateurs ayant travaill\u00e9 sur ce beau projet ! \u00ab\u00a0La R\u00e9trainspective 2024, pour moi c\u2019est un projet qui a sollicit\u00e9 quasiment&#8230;<\/p>\n<p class=\"read-more\"><a class=\"btn btn-default\" href=\"https:\/\/www.vous.sncf-connect.com\/blog\/votre-retrainspective-2024-cest-demain\/\">Lire la suite<span class=\"screen-reader-text\"> Lire la suite<\/span><\/a><\/p>\n","protected":false},"author":14,"featured_media":0,"comment_status":"open","ping_status":"open","sticky":false,"template":"","format":"standard","meta":{"footnotes":""},"categories":[1],"tags":[],"class_list":["post-1103","post","type-post","status-publish","format-standard","hentry","category-non-classe"],"yoast_head":"<!-- This site is optimized with the Yoast SEO Premium plugin v21.7 (Yoast SEO v21.7) - https:\/\/yoast.com\/wordpress\/plugins\/seo\/ -->\n<title>Votre R\u00e9trainspective 2024 : C&#039;est demain ! - Articles<\/title>\n<meta name=\"description\" content=\"La R\u00e9trainspective de SNCF Connect sort d\u00e8s demain ! D\u00e9couvrez d&#039;ici l\u00e0 des t\u00e9moignages de nos \u00e9quipes !\" \/>\n<meta name=\"robots\" content=\"index, follow, max-snippet:-1, max-image-preview:large, max-video-preview:-1\" \/>\n<link rel=\"canonical\" href=\"https:\/\/www.vous.sncf-connect.com\/blog\/votre-retrainspective-2024-cest-demain\/\" \/>\n<meta property=\"og:locale\" content=\"fr_FR\" \/>\n<meta property=\"og:type\" content=\"article\" \/>\n<meta property=\"og:title\" content=\"Votre R\u00e9trainspective 2024 : C&#039;est demain !\" \/>\n<meta property=\"og:description\" content=\"La R\u00e9trainspective de SNCF Connect sort d\u00e8s demain ! D\u00e9couvrez d&#039;ici l\u00e0 des t\u00e9moignages de nos \u00e9quipes !\" \/>\n<meta property=\"og:url\" content=\"https:\/\/www.vous.sncf-connect.com\/blog\/votre-retrainspective-2024-cest-demain\/\" \/>\n<meta property=\"og:site_name\" content=\"Articles\" \/>\n<meta property=\"article:published_time\" content=\"2024-12-04T11:34:01+00:00\" \/>\n<meta property=\"article:modified_time\" content=\"2024-12-04T13:10:13+00:00\" \/>\n<meta property=\"og:image\" content=\"https:\/\/www.vous.sncf-connect.com\/blog\/wp-content\/uploads\/2024\/12\/application-sncf-connect-1-2-683x1024.jpg\" \/>\n<meta name=\"author\" content=\"Meryem Turhan\" \/>\n<meta name=\"twitter:card\" content=\"summary_large_image\" \/>\n<meta name=\"twitter:label1\" content=\"\u00c9crit par\" \/>\n\t<meta name=\"twitter:data1\" content=\"Meryem Turhan\" \/>\n\t<meta name=\"twitter:label2\" content=\"Dur\u00e9e de lecture estim\u00e9e\" \/>\n\t<meta name=\"twitter:data2\" content=\"2 minutes\" \/>\n<script type=\"application\/ld+json\" class=\"yoast-schema-graph\">{\"@context\":\"https:\/\/schema.org\",\"@graph\":[{\"@type\":\"Article\",\"@id\":\"https:\/\/www.vous.sncf-connect.com\/blog\/votre-retrainspective-2024-cest-demain\/#article\",\"isPartOf\":{\"@id\":\"https:\/\/www.vous.sncf-connect.com\/blog\/votre-retrainspective-2024-cest-demain\/\"},\"author\":{\"name\":\"Meryem Turhan\",\"@id\":\"https:\/\/www.vous.sncf-connect.com\/blog\/#\/schema\/person\/8911857a87a39825376e164e2246a6e6\"},\"headline\":\"Votre R\u00e9trainspective 2024 : C&rsquo;est demain !\",\"datePublished\":\"2024-12-04T11:34:01+00:00\",\"dateModified\":\"2024-12-04T13:10:13+00:00\",\"mainEntityOfPage\":{\"@id\":\"https:\/\/www.vous.sncf-connect.com\/blog\/votre-retrainspective-2024-cest-demain\/\"},\"wordCount\":366,\"commentCount\":1,\"publisher\":{\"@id\":\"https:\/\/www.vous.sncf-connect.com\/blog\/#organization\"},\"inLanguage\":\"fr-FR\",\"potentialAction\":[{\"@type\":\"CommentAction\",\"name\":\"Comment\",\"target\":[\"https:\/\/www.vous.sncf-connect.com\/blog\/votre-retrainspective-2024-cest-demain\/#respond\"]}]},{\"@type\":\"WebPage\",\"@id\":\"https:\/\/www.vous.sncf-connect.com\/blog\/votre-retrainspective-2024-cest-demain\/\",\"url\":\"https:\/\/www.vous.sncf-connect.com\/blog\/votre-retrainspective-2024-cest-demain\/\",\"name\":\"Votre R\u00e9trainspective 2024 : C'est demain ! - Articles\",\"isPartOf\":{\"@id\":\"https:\/\/www.vous.sncf-connect.com\/blog\/#website\"},\"datePublished\":\"2024-12-04T11:34:01+00:00\",\"dateModified\":\"2024-12-04T13:10:13+00:00\",\"description\":\"La R\u00e9trainspective de SNCF Connect sort d\u00e8s demain ! D\u00e9couvrez d'ici l\u00e0 des t\u00e9moignages de nos \u00e9quipes !\",\"breadcrumb\":{\"@id\":\"https:\/\/www.vous.sncf-connect.com\/blog\/votre-retrainspective-2024-cest-demain\/#breadcrumb\"},\"inLanguage\":\"fr-FR\",\"potentialAction\":[{\"@type\":\"ReadAction\",\"target\":[\"https:\/\/www.vous.sncf-connect.com\/blog\/votre-retrainspective-2024-cest-demain\/\"]}]},{\"@type\":\"BreadcrumbList\",\"@id\":\"https:\/\/www.vous.sncf-connect.com\/blog\/votre-retrainspective-2024-cest-demain\/#breadcrumb\",\"itemListElement\":[{\"@type\":\"ListItem\",\"position\":1,\"name\":\"Accueil\",\"item\":\"https:\/\/www.vous.sncf-connect.com\/blog\/\"},{\"@type\":\"ListItem\",\"position\":2,\"name\":\"Votre R\u00e9trainspective 2024 : C&rsquo;est demain !\"}]},{\"@type\":\"WebSite\",\"@id\":\"https:\/\/www.vous.sncf-connect.com\/blog\/#website\",\"url\":\"https:\/\/www.vous.sncf-connect.com\/blog\/\",\"name\":\"Articles\",\"description\":\"Gardez un \u0153il sur nos actus et nos coulisses\",\"publisher\":{\"@id\":\"https:\/\/www.vous.sncf-connect.com\/blog\/#organization\"},\"potentialAction\":[{\"@type\":\"SearchAction\",\"target\":{\"@type\":\"EntryPoint\",\"urlTemplate\":\"https:\/\/www.vous.sncf-connect.com\/blog\/?s={search_term_string}\"},\"query-input\":\"required name=search_term_string\"}],\"inLanguage\":\"fr-FR\"},{\"@type\":\"Organization\",\"@id\":\"https:\/\/www.vous.sncf-connect.com\/blog\/#organization\",\"name\":\"Articles\",\"url\":\"https:\/\/www.vous.sncf-connect.com\/blog\/\",\"logo\":{\"@type\":\"ImageObject\",\"inLanguage\":\"fr-FR\",\"@id\":\"https:\/\/www.vous.sncf-connect.com\/blog\/#\/schema\/logo\/image\/\",\"url\":\"https:\/\/www.vous.sncf-connect.com\/blog\/wp-content\/uploads\/2023\/06\/cropped-cropped-SNCF-CONNECT-LOGO-1536x862-1-e1686143782223-1-e1686146451231.webp\",\"contentUrl\":\"https:\/\/www.vous.sncf-connect.com\/blog\/wp-content\/uploads\/2023\/06\/cropped-cropped-SNCF-CONNECT-LOGO-1536x862-1-e1686143782223-1-e1686146451231.webp\",\"width\":200,\"height\":71,\"caption\":\"Articles\"},\"image\":{\"@id\":\"https:\/\/www.vous.sncf-connect.com\/blog\/#\/schema\/logo\/image\/\"}},{\"@type\":\"Person\",\"@id\":\"https:\/\/www.vous.sncf-connect.com\/blog\/#\/schema\/person\/8911857a87a39825376e164e2246a6e6\",\"name\":\"Meryem Turhan\",\"image\":{\"@type\":\"ImageObject\",\"inLanguage\":\"fr-FR\",\"@id\":\"https:\/\/www.vous.sncf-connect.com\/blog\/#\/schema\/person\/image\/\",\"url\":\"https:\/\/secure.gravatar.com\/avatar\/b381e967b03194a3780353695e94d9dce78ae36bc4c3034ad140db8c75476ed4?s=96&d=mm&r=g\",\"contentUrl\":\"https:\/\/secure.gravatar.com\/avatar\/b381e967b03194a3780353695e94d9dce78ae36bc4c3034ad140db8c75476ed4?s=96&d=mm&r=g\",\"caption\":\"Meryem Turhan\"},\"url\":\"https:\/\/www.vous.sncf-connect.com\/blog\/author\/m-turhanfanvoice-com\/\"}]}<\/script>\n<!-- \/ Yoast SEO Premium plugin. -->","yoast_head_json":{"title":"Votre R\u00e9trainspective 2024 : C'est demain ! - Articles","description":"La R\u00e9trainspective de SNCF Connect sort d\u00e8s demain ! D\u00e9couvrez d'ici l\u00e0 des t\u00e9moignages de nos \u00e9quipes !","robots":{"index":"index","follow":"follow","max-snippet":"max-snippet:-1","max-image-preview":"max-image-preview:large","max-video-preview":"max-video-preview:-1"},"canonical":"https:\/\/www.vous.sncf-connect.com\/blog\/votre-retrainspective-2024-cest-demain\/","og_locale":"fr_FR","og_type":"article","og_title":"Votre R\u00e9trainspective 2024 : C'est demain !","og_description":"La R\u00e9trainspective de SNCF Connect sort d\u00e8s demain ! D\u00e9couvrez d'ici l\u00e0 des t\u00e9moignages de nos \u00e9quipes !","og_url":"https:\/\/www.vous.sncf-connect.com\/blog\/votre-retrainspective-2024-cest-demain\/","og_site_name":"Articles","article_published_time":"2024-12-04T11:34:01+00:00","article_modified_time":"2024-12-04T13:10:13+00:00","og_image":[{"url":"https:\/\/www.vous.sncf-connect.com\/blog\/wp-content\/uploads\/2024\/12\/application-sncf-connect-1-2-683x1024.jpg"}],"author":"Meryem Turhan","twitter_card":"summary_large_image","twitter_misc":{"\u00c9crit par":"Meryem Turhan","Dur\u00e9e de lecture estim\u00e9e":"2 minutes"},"schema":{"@context":"https:\/\/schema.org","@graph":[{"@type":"Article","@id":"https:\/\/www.vous.sncf-connect.com\/blog\/votre-retrainspective-2024-cest-demain\/#article","isPartOf":{"@id":"https:\/\/www.vous.sncf-connect.com\/blog\/votre-retrainspective-2024-cest-demain\/"},"author":{"name":"Meryem Turhan","@id":"https:\/\/www.vous.sncf-connect.com\/blog\/#\/schema\/person\/8911857a87a39825376e164e2246a6e6"},"headline":"Votre R\u00e9trainspective 2024 : C&rsquo;est demain !","datePublished":"2024-12-04T11:34:01+00:00","dateModified":"2024-12-04T13:10:13+00:00","mainEntityOfPage":{"@id":"https:\/\/www.vous.sncf-connect.com\/blog\/votre-retrainspective-2024-cest-demain\/"},"wordCount":366,"commentCount":1,"publisher":{"@id":"https:\/\/www.vous.sncf-connect.com\/blog\/#organization"},"inLanguage":"fr-FR","potentialAction":[{"@type":"CommentAction","name":"Comment","target":["https:\/\/www.vous.sncf-connect.com\/blog\/votre-retrainspective-2024-cest-demain\/#respond"]}]},{"@type":"WebPage","@id":"https:\/\/www.vous.sncf-connect.com\/blog\/votre-retrainspective-2024-cest-demain\/","url":"https:\/\/www.vous.sncf-connect.com\/blog\/votre-retrainspective-2024-cest-demain\/","name":"Votre R\u00e9trainspective 2024 : C'est demain ! - Articles","isPartOf":{"@id":"https:\/\/www.vous.sncf-connect.com\/blog\/#website"},"datePublished":"2024-12-04T11:34:01+00:00","dateModified":"2024-12-04T13:10:13+00:00","description":"La R\u00e9trainspective de SNCF Connect sort d\u00e8s demain ! D\u00e9couvrez d'ici l\u00e0 des t\u00e9moignages de nos \u00e9quipes !","breadcrumb":{"@id":"https:\/\/www.vous.sncf-connect.com\/blog\/votre-retrainspective-2024-cest-demain\/#breadcrumb"},"inLanguage":"fr-FR","potentialAction":[{"@type":"ReadAction","target":["https:\/\/www.vous.sncf-connect.com\/blog\/votre-retrainspective-2024-cest-demain\/"]}]},{"@type":"BreadcrumbList","@id":"https:\/\/www.vous.sncf-connect.com\/blog\/votre-retrainspective-2024-cest-demain\/#breadcrumb","itemListElement":[{"@type":"ListItem","position":1,"name":"Accueil","item":"https:\/\/www.vous.sncf-connect.com\/blog\/"},{"@type":"ListItem","position":2,"name":"Votre R\u00e9trainspective 2024 : C&rsquo;est demain !"}]},{"@type":"WebSite","@id":"https:\/\/www.vous.sncf-connect.com\/blog\/#website","url":"https:\/\/www.vous.sncf-connect.com\/blog\/","name":"Articles","description":"Gardez un \u0153il sur nos actus et nos coulisses","publisher":{"@id":"https:\/\/www.vous.sncf-connect.com\/blog\/#organization"},"potentialAction":[{"@type":"SearchAction","target":{"@type":"EntryPoint","urlTemplate":"https:\/\/www.vous.sncf-connect.com\/blog\/?s={search_term_string}"},"query-input":"required name=search_term_string"}],"inLanguage":"fr-FR"},{"@type":"Organization","@id":"https:\/\/www.vous.sncf-connect.com\/blog\/#organization","name":"Articles","url":"https:\/\/www.vous.sncf-connect.com\/blog\/","logo":{"@type":"ImageObject","inLanguage":"fr-FR","@id":"https:\/\/www.vous.sncf-connect.com\/blog\/#\/schema\/logo\/image\/","url":"https:\/\/www.vous.sncf-connect.com\/blog\/wp-content\/uploads\/2023\/06\/cropped-cropped-SNCF-CONNECT-LOGO-1536x862-1-e1686143782223-1-e1686146451231.webp","contentUrl":"https:\/\/www.vous.sncf-connect.com\/blog\/wp-content\/uploads\/2023\/06\/cropped-cropped-SNCF-CONNECT-LOGO-1536x862-1-e1686143782223-1-e1686146451231.webp","width":200,"height":71,"caption":"Articles"},"image":{"@id":"https:\/\/www.vous.sncf-connect.com\/blog\/#\/schema\/logo\/image\/"}},{"@type":"Person","@id":"https:\/\/www.vous.sncf-connect.com\/blog\/#\/schema\/person\/8911857a87a39825376e164e2246a6e6","name":"Meryem Turhan","image":{"@type":"ImageObject","inLanguage":"fr-FR","@id":"https:\/\/www.vous.sncf-connect.com\/blog\/#\/schema\/person\/image\/","url":"https:\/\/secure.gravatar.com\/avatar\/b381e967b03194a3780353695e94d9dce78ae36bc4c3034ad140db8c75476ed4?s=96&d=mm&r=g","contentUrl":"https:\/\/secure.gravatar.com\/avatar\/b381e967b03194a3780353695e94d9dce78ae36bc4c3034ad140db8c75476ed4?s=96&d=mm&r=g","caption":"Meryem Turhan"},"url":"https:\/\/www.vous.sncf-connect.com\/blog\/author\/m-turhanfanvoice-com\/"}]}},"_links":{"self":[{"href":"https:\/\/www.vous.sncf-connect.com\/blog\/wp-json\/wp\/v2\/posts\/1103","targetHints":{"allow":["GET"]}}],"collection":[{"href":"https:\/\/www.vous.sncf-connect.com\/blog\/wp-json\/wp\/v2\/posts"}],"about":[{"href":"https:\/\/www.vous.sncf-connect.com\/blog\/wp-json\/wp\/v2\/types\/post"}],"author":[{"embeddable":true,"href":"https:\/\/www.vous.sncf-connect.com\/blog\/wp-json\/wp\/v2\/users\/14"}],"replies":[{"embeddable":true,"href":"https:\/\/www.vous.sncf-connect.com\/blog\/wp-json\/wp\/v2\/comments?post=1103"}],"version-history":[{"count":16,"href":"https:\/\/www.vous.sncf-connect.com\/blog\/wp-json\/wp\/v2\/posts\/1103\/revisions"}],"predecessor-version":[{"id":1131,"href":"https:\/\/www.vous.sncf-connect.com\/blog\/wp-json\/wp\/v2\/posts\/1103\/revisions\/1131"}],"wp:attachment":[{"href":"https:\/\/www.vous.sncf-connect.com\/blog\/wp-json\/wp\/v2\/media?parent=1103"}],"wp:term":[{"taxonomy":"category","embeddable":true,"href":"https:\/\/www.vous.sncf-connect.com\/blog\/wp-json\/wp\/v2\/categories?post=1103"},{"taxonomy":"post_tag","embeddable":true,"href":"https:\/\/www.vous.sncf-connect.com\/blog\/wp-json\/wp\/v2\/tags?post=1103"}],"curies":[{"name":"wp","href":"https:\/\/api.w.org\/{rel}","templated":true}]}}