{"id":1035,"date":"2024-11-28T11:23:20","date_gmt":"2024-11-28T10:23:20","guid":{"rendered":"https:\/\/www.vous.sncf-connect.com\/blog\/?p=1035"},"modified":"2024-12-04T17:01:12","modified_gmt":"2024-12-04T16:01:12","slug":"la-newsletter-correspondances-les-actions-suite-a-vos-retours","status":"publish","type":"post","link":"https:\/\/www.vous.sncf-connect.com\/blog\/la-newsletter-correspondances-les-actions-suite-a-vos-retours\/","title":{"rendered":"La newsletter Correspondances\u00a0: les actions suite \u00e0 vos retours !\u00a0\u00a0"},"content":{"rendered":"\n<p>En juillet, nous avons fait un sondage et un atelier sur notre nouvelle newsletter \u00e9ditoriale <em>Correspondances.<\/em><\/p>\n\n\n\n<p>Les r\u00e9sultats cl\u00e9s des \u00e9tudes :<\/p>\n\n\n\n<figure class=\"wp-block-image size-full\"><img loading=\"lazy\" decoding=\"async\" width=\"605\" height=\"142\" src=\"https:\/\/www.vous.sncf-connect.com\/blog\/wp-content\/uploads\/2024\/11\/Image57587.png\" alt=\"\" class=\"wp-image-1037\" srcset=\"https:\/\/www.vous.sncf-connect.com\/blog\/wp-content\/uploads\/2024\/11\/Image57587.png 605w, https:\/\/www.vous.sncf-connect.com\/blog\/wp-content\/uploads\/2024\/11\/Image57587-300x70.png 300w\" sizes=\"auto, (max-width: 605px) 100vw, 605px\" \/><\/figure>\n\n\n\n<p>Et si vous souhaitez en savoir plus, \u00e7a se passe&nbsp;<a href=\"https:\/\/www.vous.sncf-connect.com\/clients\/emailedito\/\">ici<\/a>.<\/p>\n\n\n\n<p>Vos retours sont pr\u00e9cieux et nous permettent de continuer \u00e0 nous am\u00e9liorer. Voici un aper\u00e7u des actions que nous allons mettre en place en r\u00e9ponse \u00e0 vos suggestions.<\/p>\n\n\n\n<h2 class=\"wp-block-heading has-text-color has-link-color wp-elements-53aa5e43a65bb888b35cb092ce467de5\" id=\"h-les-premieres-actions-deja-mises-en-place\" style=\"color:#9fd3c7\"><strong>Les premi\u00e8res actions d\u00e9j\u00e0 mises en place<\/strong><\/h2>\n\n\n\n<p>Nous avons pris en compte vos remarques et avons d\u2019ores et d\u00e9j\u00e0 mis en place plusieurs changements :<\/p>\n\n\n\n<ul class=\"wp-block-list\">\n<li><strong>Clarification du format<\/strong> : le design des rubriques a \u00e9t\u00e9 repens\u00e9 pour une lecture plus fluide et agr\u00e9able.<\/li>\n\n\n\n<li><strong>Renommage des rubriques<\/strong> : la section \u00ab 5 jours sur 7 \u00bb a \u00e9t\u00e9 rebaptis\u00e9e <strong>\u00ab Au quotidien \u00bb<\/strong>.&nbsp;Cette rubrique ayant \u00e9t\u00e9 tr\u00e8s pl\u00e9biscit\u00e9e lors de l\u2019atelier et du sondage, elle sera davantage pr\u00e9sente dans les futures \u00e9ditions de Correspondances.<\/li>\n\n\n\n<li><strong>Clarification du d\u00e9coupage minut\u00e9<\/strong> pour la rubrique Le temps au temps.<\/li>\n<\/ul>\n\n\n\n<h2 class=\"wp-block-heading has-text-color has-link-color wp-elements-0ef2891316b27939ceaf4f239934e844\" id=\"h-au-coeur-de-correspondances-vos-temoignages\" style=\"color:#9fd3c7\"><strong>Au c\u0153ur de <em>Correspondances<\/em> : vos t\u00e9moignages<\/strong><\/h2>\n\n\n\n<p><a id=\"_msocom_1\"><\/a>Votre voix est essentielle pour enrichir le contenu de la newsletter <em>Correspondances<\/em>. C\u2019est pourquoi nous poursuivons nos <strong>interviews et appels \u00e0 t\u00e9moins<\/strong> avec de vraies personnes, qui partagent leurs exp\u00e9riences. Ce format permet de mettre en lumi\u00e8re des r\u00e9cits authentiques auxquels chacun peut s\u2019identifier.<\/p>\n\n\n\n<h2 class=\"wp-block-heading has-text-color has-link-color wp-elements-205647453049a9a81174efbda19f9bc8\" id=\"h-prochain-numero-ma-retrainspective-2024\" style=\"color:#9fd3c7\"><strong>Prochain num\u00e9ro : Ma R\u00e9trainspective 2024<\/strong><\/h2>\n\n\n\n<p>La prochaine \u00e9dition de <em>Correspondances<\/em> fera \u00e9cho \u00e0 la R\u00e9trainspective 2024, dans l\u2019id\u00e9e de faire le bilan des voyages de chacun. Alors n\u2019h\u00e9sitez pas \u00e0 checker votre bo\u00eete mail en d\u00e9cembre pour d\u00e9couvrir ce nouveau num\u00e9ro&nbsp;! Et ce n\u2019est pas tout ! Nous souhaitons conna\u00eetre votre avis : un sondage sera \u00e9galement mis en ligne sur la communaut\u00e9 Connect &amp; Vous pour recueillir vos impressions et suggestions.<\/p>\n\n\n\n<p>Racontez-nous vos meilleures exp\u00e9riences \u00e0 edito@connect-tech.sncf.<a id=\"_msocom_1\"><\/a><\/p>\n\n\n\n<h2 class=\"wp-block-heading has-text-color has-link-color wp-elements-0ac4389cab503740bb2b4c380bc6fc30\" id=\"h-une-amelioration-continue\" style=\"color:#9fd3c7\"><strong>Une am\u00e9lioration continue<\/strong><\/h2>\n\n\n\n<p>Nous ne comptons pas nous arr\u00eater l\u00e0. Notre objectif est de continuer \u00e0 affiner <em>Correspondances<\/em> pour qu\u2019elle soit toujours plus en phase avec vos besoins. Chaque retour compte et nous travaillons sans cesse \u00e0 proposer des contenus qui vous correspondent.<\/p>\n\n\n\n<h2 class=\"wp-block-heading has-text-color has-link-color wp-elements-a49cc1acff9b01a4b6e7d4ca9da6581f\" id=\"h-le-mot-de-marie-conceptrice-redactrice-chez-sncf-connect\" style=\"color:#9fd3c7\"><strong>Le mot de Marie, conceptrice r\u00e9dactrice chez SNCF Connect<\/strong><\/h2>\n\n\n\n<p><\/p>\n\n\n\n<div class=\"wp-block-columns is-layout-flex wp-container-core-columns-is-layout-9d6595d7 wp-block-columns-is-layout-flex\">\n<div class=\"wp-block-column is-layout-flow wp-block-column-is-layout-flow\" style=\"flex-basis:33.33%\">\n<figure class=\"wp-block-image size-large is-resized\"><img loading=\"lazy\" decoding=\"async\" width=\"819\" height=\"1024\" src=\"https:\/\/www.vous.sncf-connect.com\/blog\/wp-content\/uploads\/2024\/11\/0.Image_-819x1024.png\" alt=\"\" class=\"wp-image-1052\" style=\"width:215px;height:auto\" srcset=\"https:\/\/www.vous.sncf-connect.com\/blog\/wp-content\/uploads\/2024\/11\/0.Image_-819x1024.png 819w, https:\/\/www.vous.sncf-connect.com\/blog\/wp-content\/uploads\/2024\/11\/0.Image_-240x300.png 240w, https:\/\/www.vous.sncf-connect.com\/blog\/wp-content\/uploads\/2024\/11\/0.Image_-768x960.png 768w, https:\/\/www.vous.sncf-connect.com\/blog\/wp-content\/uploads\/2024\/11\/0.Image_-216x270.png 216w, https:\/\/www.vous.sncf-connect.com\/blog\/wp-content\/uploads\/2024\/11\/0.Image_.png 1080w\" sizes=\"auto, (max-width: 819px) 100vw, 819px\" \/><\/figure>\n<\/div>\n\n\n\n<div class=\"wp-block-column is-layout-flow wp-block-column-is-layout-flow\" style=\"flex-basis:66.66%\">\n<p><\/p>\n\n\n\n<p>\u00ab\u00a0Un grand merci aux membres de la communaut\u00e9 qui ont particip\u00e9 \u00e0 notre sondage et notre atelier sur la newsletter Correspondances. Leurs retours pertinents nous ont permis de continuer \u00e0 optimiser la forme et le fond de notre newsletter.\u00a0\u00bb<\/p>\n<\/div>\n<\/div>\n\n\n\n<p>Rendez-vous en d\u00e9cembre pour la newsletter Correspondances #7 consacr\u00e9e \u00e0 Ma R\u00e9trainspective 2024 !<\/p>\n\n\n\n<p>Merci encore pour votre engagement et vos pr\u00e9cieux retours ! <\/p>\n\n\n\n<p><strong>L\u2019\u00e9quipe Connect &amp; Vous<\/strong><\/p>\n\n\n\n<p><\/p>\n","protected":false},"excerpt":{"rendered":"<p>En juillet, nous avons fait un sondage et un atelier sur notre nouvelle newsletter \u00e9ditoriale Correspondances. Les r\u00e9sultats cl\u00e9s des \u00e9tudes : Et si vous souhaitez en savoir plus, \u00e7a se passe&nbsp;ici. Vos retours sont pr\u00e9cieux et nous permettent de continuer \u00e0 nous am\u00e9liorer. Voici un aper\u00e7u des actions que nous allons mettre en place en r\u00e9ponse \u00e0 vos suggestions. Les premi\u00e8res actions d\u00e9j\u00e0 mises en place Nous avons pris en compte vos remarques et avons d\u2019ores et d\u00e9j\u00e0 mis&#8230;<\/p>\n<p class=\"read-more\"><a class=\"btn btn-default\" href=\"https:\/\/www.vous.sncf-connect.com\/blog\/la-newsletter-correspondances-les-actions-suite-a-vos-retours\/\">Lire la suite<span class=\"screen-reader-text\"> Lire la suite<\/span><\/a><\/p>\n","protected":false},"author":14,"featured_media":1051,"comment_status":"closed","ping_status":"closed","sticky":false,"template":"","format":"standard","meta":{"footnotes":""},"categories":[12],"tags":[],"class_list":["post-1035","post","type-post","status-publish","format-standard","has-post-thumbnail","hentry","category-co-construction"],"yoast_head":"<!-- This site is optimized with the Yoast SEO Premium plugin v21.7 (Yoast SEO v21.7) - https:\/\/yoast.com\/wordpress\/plugins\/seo\/ -->\n<title>La newsletter Correspondances\u00a0: les actions suite \u00e0 vos retours !\u00a0\u00a0 - Articles<\/title>\n<meta name=\"description\" content=\"D\u00e9couvrez les am\u00e9liorations de la newsletter Correspondances : design repens\u00e9, rubriques clarifi\u00e9es et t\u00e9moignages authentiques.\" \/>\n<meta name=\"robots\" content=\"index, follow, max-snippet:-1, max-image-preview:large, max-video-preview:-1\" \/>\n<link rel=\"canonical\" href=\"https:\/\/www.vous.sncf-connect.com\/blog\/la-newsletter-correspondances-les-actions-suite-a-vos-retours\/\" \/>\n<meta property=\"og:locale\" content=\"fr_FR\" \/>\n<meta property=\"og:type\" content=\"article\" \/>\n<meta property=\"og:title\" content=\"La newsletter Correspondances\u00a0: les actions suite \u00e0 vos retours !\u00a0\u00a0\" \/>\n<meta property=\"og:description\" content=\"D\u00e9couvrez les am\u00e9liorations de la newsletter Correspondances : design repens\u00e9, rubriques clarifi\u00e9es et t\u00e9moignages authentiques.\" \/>\n<meta property=\"og:url\" content=\"https:\/\/www.vous.sncf-connect.com\/blog\/la-newsletter-correspondances-les-actions-suite-a-vos-retours\/\" \/>\n<meta property=\"og:site_name\" content=\"Articles\" \/>\n<meta property=\"article:published_time\" content=\"2024-11-28T10:23:20+00:00\" \/>\n<meta property=\"article:modified_time\" content=\"2024-12-04T16:01:12+00:00\" \/>\n<meta property=\"og:image\" content=\"https:\/\/www.vous.sncf-connect.com\/blog\/wp-content\/uploads\/2024\/11\/image-rex-corres-3-1.png\" \/>\n\t<meta property=\"og:image:width\" content=\"800\" \/>\n\t<meta property=\"og:image:height\" content=\"350\" \/>\n\t<meta property=\"og:image:type\" content=\"image\/png\" \/>\n<meta name=\"author\" content=\"Meryem Turhan\" \/>\n<meta name=\"twitter:card\" content=\"summary_large_image\" \/>\n<meta name=\"twitter:label1\" content=\"\u00c9crit par\" \/>\n\t<meta name=\"twitter:data1\" content=\"Meryem Turhan\" \/>\n\t<meta name=\"twitter:label2\" content=\"Dur\u00e9e de lecture estim\u00e9e\" \/>\n\t<meta name=\"twitter:data2\" content=\"3 minutes\" \/>\n<script type=\"application\/ld+json\" class=\"yoast-schema-graph\">{\"@context\":\"https:\/\/schema.org\",\"@graph\":[{\"@type\":\"Article\",\"@id\":\"https:\/\/www.vous.sncf-connect.com\/blog\/la-newsletter-correspondances-les-actions-suite-a-vos-retours\/#article\",\"isPartOf\":{\"@id\":\"https:\/\/www.vous.sncf-connect.com\/blog\/la-newsletter-correspondances-les-actions-suite-a-vos-retours\/\"},\"author\":{\"name\":\"Meryem Turhan\",\"@id\":\"https:\/\/www.vous.sncf-connect.com\/blog\/#\/schema\/person\/8911857a87a39825376e164e2246a6e6\"},\"headline\":\"La newsletter Correspondances\u00a0: les actions suite \u00e0 vos retours !\u00a0\u00a0\",\"datePublished\":\"2024-11-28T10:23:20+00:00\",\"dateModified\":\"2024-12-04T16:01:12+00:00\",\"mainEntityOfPage\":{\"@id\":\"https:\/\/www.vous.sncf-connect.com\/blog\/la-newsletter-correspondances-les-actions-suite-a-vos-retours\/\"},\"wordCount\":436,\"publisher\":{\"@id\":\"https:\/\/www.vous.sncf-connect.com\/blog\/#organization\"},\"articleSection\":[\"Co-construction\"],\"inLanguage\":\"fr-FR\"},{\"@type\":\"WebPage\",\"@id\":\"https:\/\/www.vous.sncf-connect.com\/blog\/la-newsletter-correspondances-les-actions-suite-a-vos-retours\/\",\"url\":\"https:\/\/www.vous.sncf-connect.com\/blog\/la-newsletter-correspondances-les-actions-suite-a-vos-retours\/\",\"name\":\"La newsletter Correspondances\u00a0: les actions suite \u00e0 vos retours !\u00a0\u00a0 - Articles\",\"isPartOf\":{\"@id\":\"https:\/\/www.vous.sncf-connect.com\/blog\/#website\"},\"datePublished\":\"2024-11-28T10:23:20+00:00\",\"dateModified\":\"2024-12-04T16:01:12+00:00\",\"description\":\"D\u00e9couvrez les am\u00e9liorations de la newsletter Correspondances : design repens\u00e9, rubriques clarifi\u00e9es et t\u00e9moignages authentiques.\",\"breadcrumb\":{\"@id\":\"https:\/\/www.vous.sncf-connect.com\/blog\/la-newsletter-correspondances-les-actions-suite-a-vos-retours\/#breadcrumb\"},\"inLanguage\":\"fr-FR\",\"potentialAction\":[{\"@type\":\"ReadAction\",\"target\":[\"https:\/\/www.vous.sncf-connect.com\/blog\/la-newsletter-correspondances-les-actions-suite-a-vos-retours\/\"]}]},{\"@type\":\"BreadcrumbList\",\"@id\":\"https:\/\/www.vous.sncf-connect.com\/blog\/la-newsletter-correspondances-les-actions-suite-a-vos-retours\/#breadcrumb\",\"itemListElement\":[{\"@type\":\"ListItem\",\"position\":1,\"name\":\"Accueil\",\"item\":\"https:\/\/www.vous.sncf-connect.com\/blog\/\"},{\"@type\":\"ListItem\",\"position\":2,\"name\":\"La newsletter Correspondances\u00a0: les actions suite \u00e0 vos retours !\u00a0\u00a0\"}]},{\"@type\":\"WebSite\",\"@id\":\"https:\/\/www.vous.sncf-connect.com\/blog\/#website\",\"url\":\"https:\/\/www.vous.sncf-connect.com\/blog\/\",\"name\":\"Articles\",\"description\":\"Gardez un \u0153il sur nos actus et nos coulisses\",\"publisher\":{\"@id\":\"https:\/\/www.vous.sncf-connect.com\/blog\/#organization\"},\"potentialAction\":[{\"@type\":\"SearchAction\",\"target\":{\"@type\":\"EntryPoint\",\"urlTemplate\":\"https:\/\/www.vous.sncf-connect.com\/blog\/?s={search_term_string}\"},\"query-input\":\"required name=search_term_string\"}],\"inLanguage\":\"fr-FR\"},{\"@type\":\"Organization\",\"@id\":\"https:\/\/www.vous.sncf-connect.com\/blog\/#organization\",\"name\":\"Articles\",\"url\":\"https:\/\/www.vous.sncf-connect.com\/blog\/\",\"logo\":{\"@type\":\"ImageObject\",\"inLanguage\":\"fr-FR\",\"@id\":\"https:\/\/www.vous.sncf-connect.com\/blog\/#\/schema\/logo\/image\/\",\"url\":\"https:\/\/www.vous.sncf-connect.com\/blog\/wp-content\/uploads\/2023\/06\/cropped-cropped-SNCF-CONNECT-LOGO-1536x862-1-e1686143782223-1-e1686146451231.webp\",\"contentUrl\":\"https:\/\/www.vous.sncf-connect.com\/blog\/wp-content\/uploads\/2023\/06\/cropped-cropped-SNCF-CONNECT-LOGO-1536x862-1-e1686143782223-1-e1686146451231.webp\",\"width\":200,\"height\":71,\"caption\":\"Articles\"},\"image\":{\"@id\":\"https:\/\/www.vous.sncf-connect.com\/blog\/#\/schema\/logo\/image\/\"}},{\"@type\":\"Person\",\"@id\":\"https:\/\/www.vous.sncf-connect.com\/blog\/#\/schema\/person\/8911857a87a39825376e164e2246a6e6\",\"name\":\"Meryem Turhan\",\"image\":{\"@type\":\"ImageObject\",\"inLanguage\":\"fr-FR\",\"@id\":\"https:\/\/www.vous.sncf-connect.com\/blog\/#\/schema\/person\/image\/\",\"url\":\"https:\/\/secure.gravatar.com\/avatar\/b381e967b03194a3780353695e94d9dce78ae36bc4c3034ad140db8c75476ed4?s=96&d=mm&r=g\",\"contentUrl\":\"https:\/\/secure.gravatar.com\/avatar\/b381e967b03194a3780353695e94d9dce78ae36bc4c3034ad140db8c75476ed4?s=96&d=mm&r=g\",\"caption\":\"Meryem Turhan\"},\"url\":\"https:\/\/www.vous.sncf-connect.com\/blog\/author\/m-turhanfanvoice-com\/\"}]}<\/script>\n<!-- \/ Yoast SEO Premium plugin. -->","yoast_head_json":{"title":"La newsletter Correspondances\u00a0: les actions suite \u00e0 vos retours !\u00a0\u00a0 - Articles","description":"D\u00e9couvrez les am\u00e9liorations de la newsletter Correspondances : design repens\u00e9, rubriques clarifi\u00e9es et t\u00e9moignages authentiques.","robots":{"index":"index","follow":"follow","max-snippet":"max-snippet:-1","max-image-preview":"max-image-preview:large","max-video-preview":"max-video-preview:-1"},"canonical":"https:\/\/www.vous.sncf-connect.com\/blog\/la-newsletter-correspondances-les-actions-suite-a-vos-retours\/","og_locale":"fr_FR","og_type":"article","og_title":"La newsletter Correspondances\u00a0: les actions suite \u00e0 vos retours !\u00a0\u00a0","og_description":"D\u00e9couvrez les am\u00e9liorations de la newsletter Correspondances : design repens\u00e9, rubriques clarifi\u00e9es et t\u00e9moignages authentiques.","og_url":"https:\/\/www.vous.sncf-connect.com\/blog\/la-newsletter-correspondances-les-actions-suite-a-vos-retours\/","og_site_name":"Articles","article_published_time":"2024-11-28T10:23:20+00:00","article_modified_time":"2024-12-04T16:01:12+00:00","og_image":[{"width":800,"height":350,"url":"https:\/\/www.vous.sncf-connect.com\/blog\/wp-content\/uploads\/2024\/11\/image-rex-corres-3-1.png","type":"image\/png"}],"author":"Meryem Turhan","twitter_card":"summary_large_image","twitter_misc":{"\u00c9crit par":"Meryem Turhan","Dur\u00e9e de lecture estim\u00e9e":"3 minutes"},"schema":{"@context":"https:\/\/schema.org","@graph":[{"@type":"Article","@id":"https:\/\/www.vous.sncf-connect.com\/blog\/la-newsletter-correspondances-les-actions-suite-a-vos-retours\/#article","isPartOf":{"@id":"https:\/\/www.vous.sncf-connect.com\/blog\/la-newsletter-correspondances-les-actions-suite-a-vos-retours\/"},"author":{"name":"Meryem Turhan","@id":"https:\/\/www.vous.sncf-connect.com\/blog\/#\/schema\/person\/8911857a87a39825376e164e2246a6e6"},"headline":"La newsletter Correspondances\u00a0: les actions suite \u00e0 vos retours !\u00a0\u00a0","datePublished":"2024-11-28T10:23:20+00:00","dateModified":"2024-12-04T16:01:12+00:00","mainEntityOfPage":{"@id":"https:\/\/www.vous.sncf-connect.com\/blog\/la-newsletter-correspondances-les-actions-suite-a-vos-retours\/"},"wordCount":436,"publisher":{"@id":"https:\/\/www.vous.sncf-connect.com\/blog\/#organization"},"articleSection":["Co-construction"],"inLanguage":"fr-FR"},{"@type":"WebPage","@id":"https:\/\/www.vous.sncf-connect.com\/blog\/la-newsletter-correspondances-les-actions-suite-a-vos-retours\/","url":"https:\/\/www.vous.sncf-connect.com\/blog\/la-newsletter-correspondances-les-actions-suite-a-vos-retours\/","name":"La newsletter Correspondances\u00a0: les actions suite \u00e0 vos retours !\u00a0\u00a0 - Articles","isPartOf":{"@id":"https:\/\/www.vous.sncf-connect.com\/blog\/#website"},"datePublished":"2024-11-28T10:23:20+00:00","dateModified":"2024-12-04T16:01:12+00:00","description":"D\u00e9couvrez les am\u00e9liorations de la newsletter Correspondances : design repens\u00e9, rubriques clarifi\u00e9es et t\u00e9moignages authentiques.","breadcrumb":{"@id":"https:\/\/www.vous.sncf-connect.com\/blog\/la-newsletter-correspondances-les-actions-suite-a-vos-retours\/#breadcrumb"},"inLanguage":"fr-FR","potentialAction":[{"@type":"ReadAction","target":["https:\/\/www.vous.sncf-connect.com\/blog\/la-newsletter-correspondances-les-actions-suite-a-vos-retours\/"]}]},{"@type":"BreadcrumbList","@id":"https:\/\/www.vous.sncf-connect.com\/blog\/la-newsletter-correspondances-les-actions-suite-a-vos-retours\/#breadcrumb","itemListElement":[{"@type":"ListItem","position":1,"name":"Accueil","item":"https:\/\/www.vous.sncf-connect.com\/blog\/"},{"@type":"ListItem","position":2,"name":"La newsletter Correspondances\u00a0: les actions suite \u00e0 vos retours !\u00a0\u00a0"}]},{"@type":"WebSite","@id":"https:\/\/www.vous.sncf-connect.com\/blog\/#website","url":"https:\/\/www.vous.sncf-connect.com\/blog\/","name":"Articles","description":"Gardez un \u0153il sur nos actus et nos coulisses","publisher":{"@id":"https:\/\/www.vous.sncf-connect.com\/blog\/#organization"},"potentialAction":[{"@type":"SearchAction","target":{"@type":"EntryPoint","urlTemplate":"https:\/\/www.vous.sncf-connect.com\/blog\/?s={search_term_string}"},"query-input":"required name=search_term_string"}],"inLanguage":"fr-FR"},{"@type":"Organization","@id":"https:\/\/www.vous.sncf-connect.com\/blog\/#organization","name":"Articles","url":"https:\/\/www.vous.sncf-connect.com\/blog\/","logo":{"@type":"ImageObject","inLanguage":"fr-FR","@id":"https:\/\/www.vous.sncf-connect.com\/blog\/#\/schema\/logo\/image\/","url":"https:\/\/www.vous.sncf-connect.com\/blog\/wp-content\/uploads\/2023\/06\/cropped-cropped-SNCF-CONNECT-LOGO-1536x862-1-e1686143782223-1-e1686146451231.webp","contentUrl":"https:\/\/www.vous.sncf-connect.com\/blog\/wp-content\/uploads\/2023\/06\/cropped-cropped-SNCF-CONNECT-LOGO-1536x862-1-e1686143782223-1-e1686146451231.webp","width":200,"height":71,"caption":"Articles"},"image":{"@id":"https:\/\/www.vous.sncf-connect.com\/blog\/#\/schema\/logo\/image\/"}},{"@type":"Person","@id":"https:\/\/www.vous.sncf-connect.com\/blog\/#\/schema\/person\/8911857a87a39825376e164e2246a6e6","name":"Meryem Turhan","image":{"@type":"ImageObject","inLanguage":"fr-FR","@id":"https:\/\/www.vous.sncf-connect.com\/blog\/#\/schema\/person\/image\/","url":"https:\/\/secure.gravatar.com\/avatar\/b381e967b03194a3780353695e94d9dce78ae36bc4c3034ad140db8c75476ed4?s=96&d=mm&r=g","contentUrl":"https:\/\/secure.gravatar.com\/avatar\/b381e967b03194a3780353695e94d9dce78ae36bc4c3034ad140db8c75476ed4?s=96&d=mm&r=g","caption":"Meryem Turhan"},"url":"https:\/\/www.vous.sncf-connect.com\/blog\/author\/m-turhanfanvoice-com\/"}]}},"_links":{"self":[{"href":"https:\/\/www.vous.sncf-connect.com\/blog\/wp-json\/wp\/v2\/posts\/1035","targetHints":{"allow":["GET"]}}],"collection":[{"href":"https:\/\/www.vous.sncf-connect.com\/blog\/wp-json\/wp\/v2\/posts"}],"about":[{"href":"https:\/\/www.vous.sncf-connect.com\/blog\/wp-json\/wp\/v2\/types\/post"}],"author":[{"embeddable":true,"href":"https:\/\/www.vous.sncf-connect.com\/blog\/wp-json\/wp\/v2\/users\/14"}],"replies":[{"embeddable":true,"href":"https:\/\/www.vous.sncf-connect.com\/blog\/wp-json\/wp\/v2\/comments?post=1035"}],"version-history":[{"count":22,"href":"https:\/\/www.vous.sncf-connect.com\/blog\/wp-json\/wp\/v2\/posts\/1035\/revisions"}],"predecessor-version":[{"id":1158,"href":"https:\/\/www.vous.sncf-connect.com\/blog\/wp-json\/wp\/v2\/posts\/1035\/revisions\/1158"}],"wp:featuredmedia":[{"embeddable":true,"href":"https:\/\/www.vous.sncf-connect.com\/blog\/wp-json\/wp\/v2\/media\/1051"}],"wp:attachment":[{"href":"https:\/\/www.vous.sncf-connect.com\/blog\/wp-json\/wp\/v2\/media?parent=1035"}],"wp:term":[{"taxonomy":"category","embeddable":true,"href":"https:\/\/www.vous.sncf-connect.com\/blog\/wp-json\/wp\/v2\/categories?post=1035"},{"taxonomy":"post_tag","embeddable":true,"href":"https:\/\/www.vous.sncf-connect.com\/blog\/wp-json\/wp\/v2\/tags?post=1035"}],"curies":[{"name":"wp","href":"https:\/\/api.w.org\/{rel}","templated":true}]}}